{"id":930,"date":"2021-10-25T13:39:37","date_gmt":"2021-10-25T11:39:37","guid":{"rendered":"https:\/\/www.historischer-verein-niedersachsen.de\/?p=930"},"modified":"2025-12-08T15:19:41","modified_gmt":"2025-12-08T14:19:41","slug":"christina-charlotte-randig-hg","status":"publish","type":"post","link":"https:\/\/www.historischer-verein-niedersachsen.de\/index.php\/2021\/10\/25\/christina-charlotte-randig-hg\/","title":{"rendered":"CHRISTINA CHARLOTTE RANDIG (Hg.)"},"content":{"rendered":"<p><span style=\"font-size: 16px;\"><strong>En chemin<br \/><\/strong><\/span><\/p>\r\n<p><span style=\"font-size: 16px;\"><!-- \/wp:post-content -->\r\n\r\n<!-- wp:paragraph --><\/span><\/p>\r\n<p><strong><span style=\"font-size: 16px;\">Charlotte Sophie Gr\u00e4fin Bentincks Reise im Jahr 1758. Reisetagb\u00fccher und Briefe an die Mutter<\/span> <\/strong><\/p>\r\n<!-- \/wp:paragraph -->\r\n\r\n<!-- wp:paragraph -->\r\n<p>Mai 1758: Von Wien aus startet Charlotte Sophie Gr\u00e4fin Bentinck zu einer Reise durch Oberitalien, die Schweiz und Lothringen bis nach T\u00fcbingen. Einzigartig im Vergleich zu anderen F\u00fcrstinnenreisen der Zeit sind dabei der Ablauf und die Absichten, die sie mit dieser Unternehmung verfolgt oder die sich unterwegs spontan ergeben. Geleitet wurde die Gr\u00e4fin Bentinck von ihrem starken Bildungsinteresse, ihrem Wunsch nach Teilhabe am gesellschaftlichen Leben und der Vertiefung ihrer pers\u00f6nlichen Kontakte. Aber auch die Notwendigkeit, f\u00fcr ihre Kinder einen sicheren Studienort und f\u00fcr sich selbst einen Wohnsitz zu finden, waren zielsetzend. Hierbei unterst\u00fctzte sie besonders Voltaire, der sie gern dauerhaft in der Schweiz in seiner N\u00e4he gesehen h\u00e4tte, nachdem sie ihre aldenburgische Herrschaft an der Nordsee verloren hatte. Die Reisetageb\u00fccher und Briefe gew\u00e4hren Einblicke in die Biographie der Gr\u00e4fin Bentinck, in die Verbindungen der europ\u00e4ischen Adelswelt sowie in die Schwierigkeiten und Strapazen des Reisens in jener Zeit.<\/p>\r\n<!-- \/wp:paragraph -->\r\n\r\n<!-- wp:paragraph -->\r\n<p>Quellen und Darstellungen zur Geschichte Niedersachsens, Band 144<\/p>\r\n<!-- \/wp:paragraph -->\r\n\r\n<!-- wp:paragraph -->\r\n<p>Herausgegeben vom Historischen Verein f\u00fcr Niedersachsen<\/p>\r\n<!-- \/wp:paragraph -->\r\n\r\n<!-- wp:paragraph -->\r\n<p>Wehrhahn Verlag Hannover<\/p>\r\n<!-- \/wp:paragraph -->\r\n\r\n<!-- wp:paragraph -->\r\n<p>2021 | 264 Seiten | Hardcover | ISBN 978\u20133\u201386525\u2013897\u20137|Preis: 25 \u20ac<\/p>","protected":false},"excerpt":{"rendered":"<p>En chemin Charlotte Sophie Gr\u00e4fin Bentincks Reise im Jahr 1758. Reisetagb\u00fccher und Briefe an die Mutter Mai 1758: Von Wien aus startet Charlotte Sophie Gr\u00e4fin Bentinck zu einer Reise durch &#8230;<\/p>\n","protected":false},"author":2,"featured_media":937,"comment_status":"closed","ping_status":"closed","sticky":false,"template":"","format":"standard","meta":{"_crdt_document":"","footnotes":""},"categories":[30],"tags":[],"class_list":["post-930","post","type-post","status-publish","format-standard","has-post-thumbnail","hentry","category-publikationen"],"jetpack_featured_media_url":"https:\/\/www.historischer-verein-niedersachsen.de\/wp-content\/uploads\/2021\/09\/Randig_En_chemin_Ausschnitt.png","_links":{"self":[{"href":"https:\/\/www.historischer-verein-niedersachsen.de\/index.php\/wp-json\/wp\/v2\/posts\/930","targetHints":{"allow":["GET"]}}],"collection":[{"href":"https:\/\/www.historischer-verein-niedersachsen.de\/index.php\/wp-json\/wp\/v2\/posts"}],"about":[{"href":"https:\/\/www.historischer-verein-niedersachsen.de\/index.php\/wp-json\/wp\/v2\/types\/post"}],"author":[{"embeddable":true,"href":"https:\/\/www.historischer-verein-niedersachsen.de\/index.php\/wp-json\/wp\/v2\/users\/2"}],"replies":[{"embeddable":true,"href":"https:\/\/www.historischer-verein-niedersachsen.de\/index.php\/wp-json\/wp\/v2\/comments?post=930"}],"version-history":[{"count":4,"href":"https:\/\/www.historischer-verein-niedersachsen.de\/index.php\/wp-json\/wp\/v2\/posts\/930\/revisions"}],"predecessor-version":[{"id":1003,"href":"https:\/\/www.historischer-verein-niedersachsen.de\/index.php\/wp-json\/wp\/v2\/posts\/930\/revisions\/1003"}],"wp:featuredmedia":[{"embeddable":true,"href":"https:\/\/www.historischer-verein-niedersachsen.de\/index.php\/wp-json\/wp\/v2\/media\/937"}],"wp:attachment":[{"href":"https:\/\/www.historischer-verein-niedersachsen.de\/index.php\/wp-json\/wp\/v2\/media?parent=930"}],"wp:term":[{"taxonomy":"category","embeddable":true,"href":"https:\/\/www.historischer-verein-niedersachsen.de\/index.php\/wp-json\/wp\/v2\/categories?post=930"},{"taxonomy":"post_tag","embeddable":true,"href":"https:\/\/www.historischer-verein-niedersachsen.de\/index.php\/wp-json\/wp\/v2\/tags?post=930"}],"curies":[{"name":"wp","href":"https:\/\/api.w.org\/{rel}","templated":true}]}}