{"id":852,"date":"2021-02-16T09:41:37","date_gmt":"2021-02-16T08:41:37","guid":{"rendered":"https:\/\/www.historischer-verein-niedersachsen.de\/?p=852"},"modified":"2021-11-18T16:05:04","modified_gmt":"2021-11-18T15:05:04","slug":"video-vortrag-auf-youtube-wie-der-wolf-aus-niedersachsen-verschwand","status":"publish","type":"post","link":"https:\/\/www.historischer-verein-niedersachsen.de\/index.php\/2021\/02\/16\/video-vortrag-auf-youtube-wie-der-wolf-aus-niedersachsen-verschwand\/","title":{"rendered":"Video-Vortrag auf YouTube: Wie der Wolf aus Niedersachsen verschwand"},"content":{"rendered":"<p><span style=\"font-size: 16px;\"><b>Dr. Gerd van den Heuvel (Hannover): Wie der Wolf aus Niedersachsen verschwand. Ein historischer R\u00fcckblick<\/b><\/span><\/p>\n<p>&nbsp;<\/p>\n<p><span style=\"font-size: 16px;\"><b><img loading=\"lazy\" decoding=\"async\" class=\"alignnone size-medium wp-image-854\" src=\"https:\/\/www.historischer-verein-niedersachsen.de\/wp-content\/uploads\/2021\/02\/Thumbnail-Heuvel_verkleinert-300x169.png\" alt=\"Wolf in Niedersachsen\" width=\"300\" height=\"169\" srcset=\"https:\/\/www.historischer-verein-niedersachsen.de\/wp-content\/uploads\/2021\/02\/Thumbnail-Heuvel_verkleinert-300x169.png 300w, https:\/\/www.historischer-verein-niedersachsen.de\/wp-content\/uploads\/2021\/02\/Thumbnail-Heuvel_verkleinert-768x432.png 768w, https:\/\/www.historischer-verein-niedersachsen.de\/wp-content\/uploads\/2021\/02\/Thumbnail-Heuvel_verkleinert.png 900w\" sizes=\"auto, (max-width: 300px) 100vw, 300px\" \/><\/b><\/span><\/p>\n<p>&nbsp;<\/p>\n<p><span style=\"font-size: 14px;\">Der fr\u00fchmoderne Staat schuf mit seinem umfassenderen Herrschaftsanspruch gegen\u00fcber Mensch und Natur die mentalen und mit seinem Herrschaftsapparat auch die organisatorischen Voraussetzungen f\u00fcr eine systematische Verfolgung der W\u00f6lfe bis zu deren Ausrottung. Dieser langfristige Prozess, der mindestens ebenso viel \u00fcber die (Herrschafts-)Beziehungen zwischen Menschen wie \u00fcber das Verh\u00e4ltnis des Menschen zu einer Tierart widerspiegelt, wird anhand nieders\u00e4chsischer Beispiele er\u00f6rtert.<\/span><\/p>\n<p><a href=\"https:\/\/www.youtube.com\/watch?v=66aSmcB0ndo\" target=\"_blank\" rel=\"noopener\">Vortrag von Dr. Gerd van den Heuvel<\/a><\/p>\n","protected":false},"excerpt":{"rendered":"<p>Dr. Gerd van den Heuvel (Hannover): Wie der Wolf aus Niedersachsen verschwand. Ein historischer R\u00fcckblick &nbsp; &nbsp; Der fr\u00fchmoderne Staat schuf mit seinem umfassenderen Herrschaftsanspruch gegen\u00fcber Mensch und Natur die &#8230;<\/p>\n","protected":false},"author":2,"featured_media":854,"comment_status":"closed","ping_status":"closed","sticky":false,"template":"","format":"standard","meta":{"_crdt_document":"","footnotes":""},"categories":[3],"tags":[],"class_list":["post-852","post","type-post","status-publish","format-standard","has-post-thumbnail","hentry","category-vortraege"],"jetpack_featured_media_url":"https:\/\/www.historischer-verein-niedersachsen.de\/wp-content\/uploads\/2021\/02\/Thumbnail-Heuvel_verkleinert.png","_links":{"self":[{"href":"https:\/\/www.historischer-verein-niedersachsen.de\/index.php\/wp-json\/wp\/v2\/posts\/852","targetHints":{"allow":["GET"]}}],"collection":[{"href":"https:\/\/www.historischer-verein-niedersachsen.de\/index.php\/wp-json\/wp\/v2\/posts"}],"about":[{"href":"https:\/\/www.historischer-verein-niedersachsen.de\/index.php\/wp-json\/wp\/v2\/types\/post"}],"author":[{"embeddable":true,"href":"https:\/\/www.historischer-verein-niedersachsen.de\/index.php\/wp-json\/wp\/v2\/users\/2"}],"replies":[{"embeddable":true,"href":"https:\/\/www.historischer-verein-niedersachsen.de\/index.php\/wp-json\/wp\/v2\/comments?post=852"}],"version-history":[{"count":3,"href":"https:\/\/www.historischer-verein-niedersachsen.de\/index.php\/wp-json\/wp\/v2\/posts\/852\/revisions"}],"predecessor-version":[{"id":856,"href":"https:\/\/www.historischer-verein-niedersachsen.de\/index.php\/wp-json\/wp\/v2\/posts\/852\/revisions\/856"}],"wp:featuredmedia":[{"embeddable":true,"href":"https:\/\/www.historischer-verein-niedersachsen.de\/index.php\/wp-json\/wp\/v2\/media\/854"}],"wp:attachment":[{"href":"https:\/\/www.historischer-verein-niedersachsen.de\/index.php\/wp-json\/wp\/v2\/media?parent=852"}],"wp:term":[{"taxonomy":"category","embeddable":true,"href":"https:\/\/www.historischer-verein-niedersachsen.de\/index.php\/wp-json\/wp\/v2\/categories?post=852"},{"taxonomy":"post_tag","embeddable":true,"href":"https:\/\/www.historischer-verein-niedersachsen.de\/index.php\/wp-json\/wp\/v2\/tags?post=852"}],"curies":[{"name":"wp","href":"https:\/\/api.w.org\/{rel}","templated":true}]}}