{"id":689,"date":"2020-03-18T12:41:40","date_gmt":"2020-03-18T11:41:40","guid":{"rendered":"https:\/\/www.historischer-verein-niedersachsen.de\/?p=689"},"modified":"2025-12-08T15:20:22","modified_gmt":"2025-12-08T14:20:22","slug":"dagmar-kleineke","status":"publish","type":"post","link":"https:\/\/www.historischer-verein-niedersachsen.de\/index.php\/2020\/03\/18\/dagmar-kleineke\/","title":{"rendered":"DAGMAR KLEINEKE"},"content":{"rendered":"<p><span style=\"font-size: 16px;\"><strong>Autobiographisches Schriftgut: <\/strong><\/span><\/p>\r\n<p><span style=\"font-size: 16px;\"><!-- \/wp:post-content -->\r\n\r\n<!-- wp:paragraph --><\/span><\/p>\r\n<p><span style=\"font-size: 16px;\"><strong>Die handschriftlichen Aufzeichnungen des Johann Justus Kraut aus Dahlenrode (1766-1843) <\/strong><\/span><\/p>\r\n<!-- \/wp:paragraph -->\r\n\r\n<!-- wp:paragraph -->\r\n<p>Johann Justus Kraut (1766\u20131843) wurde als \u00e4ltester Sohn eines Kleinbauern in Dahlenrode (heute Gemeinde Rosdorf im Landkreis G\u00f6ttingen) geboren. Auf der Suche nach einem passenden Beruf wurde er nacheinander Gehilfe im Laden seines Onkels Andreas Kraut, Diener bei Friedrich Ernst von Hanstein, Johann Georg Heinrich Siemens und Graf Hans Ernst von Hardenberg. Schlie\u00dflich entdeckte er im Alter von 23 Jahren den f\u00fcr ihn \u00bbidealen\u00ab Beruf des Feinmechanikers, ein f\u00fcr die damalige Zeit sehr seltener Handwerkszweig. W\u00e4hrend der dreij\u00e4hrigen Lehre bei Klindworth in G\u00f6ttingen fiel er Professor Georg Christoph Lichtenberg auf, der auf die besonderen F\u00e4higkeiten Krauts aufmerksam geworden war: Die wissenschaftlichen Fragen der Physik der Zeit zu begreifen und an Wegen zu arbeiten, um diese zu beantworten. Trotz aller Anerkennung durch die Naturwissenschaftler der Universit\u00e4t G\u00f6ttingen wurde Kraut f\u00fcr zw\u00f6lf Jahre Landschullehrer in Dahlenrode, Harkenbleck und J\u00fchnde. 1806 erzwangen die politischen Verh\u00e4ltnisse seine \u00bbAuswanderung\u00ab nach Bremen. 30 Jahre lang unterhielt er dort seine Werkstatt und fand als anerkannter \u00bbartiste m\u00e9canicien\u00ab Zutritt in die wohlhabenden und gebildeten Kreise der Hansestadt. Im hohen Alter folgte er seinem Sohn nach Hamburg, der dort Teilhaber eines bekannten und verm\u00f6genden Maschinenfabrikanten wurde; in Hamburg ist er dann im Alter von 77 Jahren gestorben. Dagmar Kleineke ediert die eigenh\u00e4ndigen Aufzeichnungen dieses ungew\u00f6hnlichen Mannes und rekonstruiert mit Hilfe erg\u00e4nzender Quellen seinen Lebensweg.<\/p>\r\n<!-- \/wp:paragraph -->\r\n\r\n<!-- wp:paragraph -->\r\n<p>Quellen und Darstellungen zur Geschichte Niedersachsens, Band 142<\/p>\r\n<!-- \/wp:paragraph -->\r\n\r\n<!-- wp:paragraph -->\r\n<p>Herausgegeben vom Historischen Verein f\u00fcr Niedersachsen<\/p>\r\n<!-- \/wp:paragraph -->\r\n\r\n<!-- wp:paragraph -->\r\n<p>Wehrhahn Verlag Hannover<\/p>\r\n<!-- \/wp:paragraph -->\r\n\r\n<!-- wp:paragraph -->\r\n<p>2019 | 152 Seiten | Hardcover | ISBN 978\u20133\u201386525\u2013732\u20131|Preis: 18 \u20ac<\/p>","protected":false},"excerpt":{"rendered":"<p>Autobiographisches Schriftgut: Die handschriftlichen Aufzeichnungen des Johann Justus Kraut aus Dahlenrode (1766-1843) Johann Justus Kraut (1766\u20131843) wurde als \u00e4ltester Sohn eines Kleinbauern in Dahlenrode (heute Gemeinde Rosdorf im Landkreis G\u00f6ttingen) &#8230;<\/p>\n","protected":false},"author":2,"featured_media":703,"comment_status":"closed","ping_status":"closed","sticky":false,"template":"","format":"standard","meta":{"_crdt_document":"","footnotes":""},"categories":[30],"tags":[],"class_list":["post-689","post","type-post","status-publish","format-standard","has-post-thumbnail","hentry","category-publikationen"],"jetpack_featured_media_url":"https:\/\/www.historischer-verein-niedersachsen.de\/wp-content\/uploads\/2019\/12\/Kleineke-Julius-Kraut-Umschlag-72dpi-AusschnittohneBild.jpg","_links":{"self":[{"href":"https:\/\/www.historischer-verein-niedersachsen.de\/index.php\/wp-json\/wp\/v2\/posts\/689","targetHints":{"allow":["GET"]}}],"collection":[{"href":"https:\/\/www.historischer-verein-niedersachsen.de\/index.php\/wp-json\/wp\/v2\/posts"}],"about":[{"href":"https:\/\/www.historischer-verein-niedersachsen.de\/index.php\/wp-json\/wp\/v2\/types\/post"}],"author":[{"embeddable":true,"href":"https:\/\/www.historischer-verein-niedersachsen.de\/index.php\/wp-json\/wp\/v2\/users\/2"}],"replies":[{"embeddable":true,"href":"https:\/\/www.historischer-verein-niedersachsen.de\/index.php\/wp-json\/wp\/v2\/comments?post=689"}],"version-history":[{"count":11,"href":"https:\/\/www.historischer-verein-niedersachsen.de\/index.php\/wp-json\/wp\/v2\/posts\/689\/revisions"}],"predecessor-version":[{"id":705,"href":"https:\/\/www.historischer-verein-niedersachsen.de\/index.php\/wp-json\/wp\/v2\/posts\/689\/revisions\/705"}],"wp:featuredmedia":[{"embeddable":true,"href":"https:\/\/www.historischer-verein-niedersachsen.de\/index.php\/wp-json\/wp\/v2\/media\/703"}],"wp:attachment":[{"href":"https:\/\/www.historischer-verein-niedersachsen.de\/index.php\/wp-json\/wp\/v2\/media?parent=689"}],"wp:term":[{"taxonomy":"category","embeddable":true,"href":"https:\/\/www.historischer-verein-niedersachsen.de\/index.php\/wp-json\/wp\/v2\/categories?post=689"},{"taxonomy":"post_tag","embeddable":true,"href":"https:\/\/www.historischer-verein-niedersachsen.de\/index.php\/wp-json\/wp\/v2\/tags?post=689"}],"curies":[{"name":"wp","href":"https:\/\/api.w.org\/{rel}","templated":true}]}}