{"id":63,"date":"2017-06-20T10:00:42","date_gmt":"2017-06-20T08:00:42","guid":{"rendered":"https:\/\/www.historischer-verein-niedersachsen.de\/?p=63"},"modified":"2025-12-08T15:23:06","modified_gmt":"2025-12-08T14:23:06","slug":"eike-alexander-von-boetticher-die-justizorganisation-im-koenigreich-hannover-nach-1848-und-ihre-ausstrahlungskraft-auf-die-staaten-des-deutschen-bundes-und-das-reich-bis-1879","status":"publish","type":"post","link":"https:\/\/www.historischer-verein-niedersachsen.de\/index.php\/2017\/06\/20\/eike-alexander-von-boetticher-die-justizorganisation-im-koenigreich-hannover-nach-1848-und-ihre-ausstrahlungskraft-auf-die-staaten-des-deutschen-bundes-und-das-reich-bis-1879\/","title":{"rendered":"EIKE ALEXANDER VON BOETTICHER"},"content":{"rendered":"<p><strong>Die Justizorganisation im K\u00f6nigreich Hannover nach 1848 und ihre Ausstrahlungskraft auf die Staaten des Deutschen Bundes und das Reich bis 1879<\/strong><br \/>\nDas K\u00f6nigreich Hannover gilt als ein eher konservativ-r\u00fcckst\u00e4ndiger Staat. Dieses Image beruht insbesondere auf der Aufhebung des Staatsgrundgesetzes durch K\u00f6nig Ernst August.<!--more-->Weitgehend unbekannt ist hingegen, dass nach 1848 in Hannover eine liberale Justizreform entstand, die auf Grund ihrer Fortschrittlichkeit zum Vorbild f\u00fcr viele andere deutsche Staaten wurde.<br \/>\nEike Alexander von Boetticher zeichnet in seiner materialreichen Studie die Probleme des Justizwesens bis zum 19. Jahrhundert in Deutschland nach. Vor dem Hintergrund der politischen Entwicklung beschreibt er das Rechtswesen im K\u00f6nigreich Hannover und vergleicht damit die Justizorganisation in anderen deutschen Staaten. Im Zentrum der Untersuchung steht die Revolution von 1848 als Ausgangspunkt der Reform des hannoverschen Justizwesens. Diese Reform stellt Boetticher im Einzelnen vor und zeigt, wie sie die Justizorganisation in anderen deutschen Staaten nach 1848 beeinflusste. Dabei wird der Vorbildcharakter der hannoverschen Justizgesetze f\u00fcr die Staaten des Deutschen Bundes ebenso deutlich wie ihr Einfluss auf die damaligen Reformbem\u00fchungen auf Bundesebene sowie ihre Auswirkung auf die Reichsjustizgesetze auch noch nach Aufhebung des K\u00f6nigreichs Hannover.<\/p>\n<p>Wehrhahn Verlag Hannover<\/p>\n<p>484 S. | 2015 | ISBN: 978-3-86525-435-1<br \/>\nHardcover | Preis: \u20ac 34.00<\/p>\n","protected":false},"excerpt":{"rendered":"<p>Die Justizorganisation im K\u00f6nigreich Hannover nach 1848 und ihre Ausstrahlungskraft auf die Staaten des Deutschen Bundes und das Reich bis 1879 Das K\u00f6nigreich Hannover gilt als ein eher konservativ-r\u00fcckst\u00e4ndiger Staat. &#8230;<\/p>\n","protected":false},"author":1,"featured_media":64,"comment_status":"closed","ping_status":"closed","sticky":false,"template":"","format":"standard","meta":{"_crdt_document":"","footnotes":""},"categories":[30],"tags":[],"class_list":["post-63","post","type-post","status-publish","format-standard","has-post-thumbnail","hentry","category-publikationen"],"jetpack_featured_media_url":"https:\/\/www.historischer-verein-niedersachsen.de\/wp-content\/uploads\/2017\/06\/Justizreform.jpg","_links":{"self":[{"href":"https:\/\/www.historischer-verein-niedersachsen.de\/index.php\/wp-json\/wp\/v2\/posts\/63","targetHints":{"allow":["GET"]}}],"collection":[{"href":"https:\/\/www.historischer-verein-niedersachsen.de\/index.php\/wp-json\/wp\/v2\/posts"}],"about":[{"href":"https:\/\/www.historischer-verein-niedersachsen.de\/index.php\/wp-json\/wp\/v2\/types\/post"}],"author":[{"embeddable":true,"href":"https:\/\/www.historischer-verein-niedersachsen.de\/index.php\/wp-json\/wp\/v2\/users\/1"}],"replies":[{"embeddable":true,"href":"https:\/\/www.historischer-verein-niedersachsen.de\/index.php\/wp-json\/wp\/v2\/comments?post=63"}],"version-history":[{"count":2,"href":"https:\/\/www.historischer-verein-niedersachsen.de\/index.php\/wp-json\/wp\/v2\/posts\/63\/revisions"}],"predecessor-version":[{"id":66,"href":"https:\/\/www.historischer-verein-niedersachsen.de\/index.php\/wp-json\/wp\/v2\/posts\/63\/revisions\/66"}],"wp:featuredmedia":[{"embeddable":true,"href":"https:\/\/www.historischer-verein-niedersachsen.de\/index.php\/wp-json\/wp\/v2\/media\/64"}],"wp:attachment":[{"href":"https:\/\/www.historischer-verein-niedersachsen.de\/index.php\/wp-json\/wp\/v2\/media?parent=63"}],"wp:term":[{"taxonomy":"category","embeddable":true,"href":"https:\/\/www.historischer-verein-niedersachsen.de\/index.php\/wp-json\/wp\/v2\/categories?post=63"},{"taxonomy":"post_tag","embeddable":true,"href":"https:\/\/www.historischer-verein-niedersachsen.de\/index.php\/wp-json\/wp\/v2\/tags?post=63"}],"curies":[{"name":"wp","href":"https:\/\/api.w.org\/{rel}","templated":true}]}}