{"id":60,"date":"2017-06-20T10:30:44","date_gmt":"2017-06-20T08:30:44","guid":{"rendered":"https:\/\/www.historischer-verein-niedersachsen.de\/?p=60"},"modified":"2025-12-08T15:22:42","modified_gmt":"2025-12-08T14:22:42","slug":"helga-maria-kuehn-katharina-und-erich-i-1496-1524-eine-fuersten-ehe-auf-augenhoehe","status":"publish","type":"post","link":"https:\/\/www.historischer-verein-niedersachsen.de\/index.php\/2017\/06\/20\/helga-maria-kuehn-katharina-und-erich-i-1496-1524-eine-fuersten-ehe-auf-augenhoehe\/","title":{"rendered":"HELGA-MARIA K\u00dcHN"},"content":{"rendered":"<p><strong>Katharina und Erich I., 1496-1524 Eine F\u00fcrsten-Ehe auf Augenh\u00f6he<\/strong><br \/>\nWar es Zuneigung &#8211; oder die verlockende gro\u00dfz\u00fcgige finanzielle Abfindung Katharinas, der s\u00e4chsischen Prinzessin und verwitweten, kinderlosen Erzherzogin von \u00d6sterreich -, was den noch ledigen und abenteuerfreudigen Erich I., Herzog von Braunschweig-L\u00fcneburg, bewog, 1496 bei Kaiser Maximilian um ihre Hand anzuhalten? <!--more-->Bekannt war ihm bisher nur ihr unbek\u00fcmmertes, jagdfreudiges, \u00fcppiges Leben am Innsbrucker Hof, der von Katharina nur wenig nennenswerte eigene Verantwortung verlangte, wie es sp\u00e4ter \u00f6sterreichische Biografen schilderten. Und auch die nieders\u00e4chsische Geschichtsschreibung \u00fcbernahm weitgehend dieses Bild und entdeckte trotz zahlreicher Archivquellen nicht die Ver\u00e4nderung der f\u00fcrstlichen Pers\u00f6nlichkeit zu einer bemerkenswerten Regentin und Landesmutter ihres ihr zur Verantwortung und politischem Handeln \u00fcbergebenen Territoriums. Erichs h\u00e4ufige Abwesenheit als kaiserlicher Feldhauptmann setzte in den 28 Jahren ihrer Regentschaft nicht nur den notwendigen Respekt ihrer Untertanen f\u00fcr ihre klugen und kenntnisreichen Entscheidungen voraus, sondern w\u00e4re ohne absolutes Vertrauen und herzliche Zuneigung des Ehepaares zueinander unm\u00f6glich gewesen.<br \/>\nAuch wenn hier nur &#8222;Lebenssplitter&#8220; der bedeutenden F\u00fcrstin dargestellt werden, so findet doch erstmalig das au\u00dfergew\u00f6hnliche Wirken dieser Frau an der Schwelle zur Neuzeit in einer ebenso au\u00dfergew\u00f6hnlichen Ehe eine W\u00fcrdigung.<\/p>\n<p>Hrsg. v. Historischer Verein f\u00fcr Niedersachsen<\/p>\n<p>Wehrhahn Verlag Hannover<\/p>\n<p>2017 | 160 Seiten | Hardcover | ISBN 978-3-86525-551-8<br \/>\nPreis: \u20ac 18.00<\/p>\n","protected":false},"excerpt":{"rendered":"<p>Katharina und Erich I., 1496-1524 Eine F\u00fcrsten-Ehe auf Augenh\u00f6he War es Zuneigung &#8211; oder die verlockende gro\u00dfz\u00fcgige finanzielle Abfindung Katharinas, der s\u00e4chsischen Prinzessin und verwitweten, kinderlosen Erzherzogin von \u00d6sterreich -, &#8230;<\/p>\n","protected":false},"author":1,"featured_media":61,"comment_status":"closed","ping_status":"closed","sticky":false,"template":"","format":"standard","meta":{"_crdt_document":"","footnotes":""},"categories":[30],"tags":[],"class_list":["post-60","post","type-post","status-publish","format-standard","has-post-thumbnail","hentry","category-publikationen"],"jetpack_featured_media_url":"https:\/\/www.historischer-verein-niedersachsen.de\/wp-content\/uploads\/2017\/06\/Titelblatt-Kuehn.jpg","_links":{"self":[{"href":"https:\/\/www.historischer-verein-niedersachsen.de\/index.php\/wp-json\/wp\/v2\/posts\/60","targetHints":{"allow":["GET"]}}],"collection":[{"href":"https:\/\/www.historischer-verein-niedersachsen.de\/index.php\/wp-json\/wp\/v2\/posts"}],"about":[{"href":"https:\/\/www.historischer-verein-niedersachsen.de\/index.php\/wp-json\/wp\/v2\/types\/post"}],"author":[{"embeddable":true,"href":"https:\/\/www.historischer-verein-niedersachsen.de\/index.php\/wp-json\/wp\/v2\/users\/1"}],"replies":[{"embeddable":true,"href":"https:\/\/www.historischer-verein-niedersachsen.de\/index.php\/wp-json\/wp\/v2\/comments?post=60"}],"version-history":[{"count":2,"href":"https:\/\/www.historischer-verein-niedersachsen.de\/index.php\/wp-json\/wp\/v2\/posts\/60\/revisions"}],"predecessor-version":[{"id":67,"href":"https:\/\/www.historischer-verein-niedersachsen.de\/index.php\/wp-json\/wp\/v2\/posts\/60\/revisions\/67"}],"wp:featuredmedia":[{"embeddable":true,"href":"https:\/\/www.historischer-verein-niedersachsen.de\/index.php\/wp-json\/wp\/v2\/media\/61"}],"wp:attachment":[{"href":"https:\/\/www.historischer-verein-niedersachsen.de\/index.php\/wp-json\/wp\/v2\/media?parent=60"}],"wp:term":[{"taxonomy":"category","embeddable":true,"href":"https:\/\/www.historischer-verein-niedersachsen.de\/index.php\/wp-json\/wp\/v2\/categories?post=60"},{"taxonomy":"post_tag","embeddable":true,"href":"https:\/\/www.historischer-verein-niedersachsen.de\/index.php\/wp-json\/wp\/v2\/tags?post=60"}],"curies":[{"name":"wp","href":"https:\/\/api.w.org\/{rel}","templated":true}]}}