{"id":585,"date":"2019-08-05T10:11:06","date_gmt":"2019-08-05T08:11:06","guid":{"rendered":"https:\/\/www.historischer-verein-niedersachsen.de\/?p=585"},"modified":"2021-02-03T11:54:10","modified_gmt":"2021-02-03T10:54:10","slug":"donnerstag-24-oktober-2019","status":"publish","type":"post","link":"https:\/\/www.historischer-verein-niedersachsen.de\/index.php\/2019\/08\/05\/donnerstag-24-oktober-2019\/","title":{"rendered":"Donnerstag, 24. Oktober 2019"},"content":{"rendered":"<p><span style=\"font-size: 12pt;\">Prof. Dr. Carl-Hans Hauptmeyer, Hannover<\/span><\/p>\n<p><span style=\"font-size: 12pt;\">Apokalypse oder Kampf um europ\u00e4ische Vormachtstellung? Der Drei\u00dfigj\u00e4hrige Krieg und Niedersachsen<\/span><\/p>\n<p><span style=\"font-size: 12pt;\"><strong>18:30 Uhr<\/strong> Historisches Museum am Hohen Ufer, Hannover<\/span><\/p>\n<p>&nbsp;<\/p>\n<p><img loading=\"lazy\" decoding=\"async\" class=\"alignnone wp-image-594\" src=\"https:\/\/www.historischer-verein-niedersachsen.de\/wp-content\/uploads\/2019\/07\/Ausschnitt_The_Hanging_J_Callot-300x155.png\" alt=\"\" width=\"486\" height=\"251\" srcset=\"https:\/\/www.historischer-verein-niedersachsen.de\/wp-content\/uploads\/2019\/07\/Ausschnitt_The_Hanging_J_Callot-300x155.png 300w, https:\/\/www.historischer-verein-niedersachsen.de\/wp-content\/uploads\/2019\/07\/Ausschnitt_The_Hanging_J_Callot-768x398.png 768w, https:\/\/www.historischer-verein-niedersachsen.de\/wp-content\/uploads\/2019\/07\/Ausschnitt_The_Hanging_J_Callot-1024x531.png 1024w, https:\/\/www.historischer-verein-niedersachsen.de\/wp-content\/uploads\/2019\/07\/Ausschnitt_The_Hanging_J_Callot.png 1046w\" sizes=\"auto, (max-width: 486px) 100vw, 486px\" \/><\/p>\n<p><span style=\"font-size: 8pt;\">Ausschnitt \u201eDie Schrecken des Krieges; Der Galgenbaum\u201c, Radierung von Jacques Callot, 1632<\/span><\/p>\n<p>&nbsp;<\/p>\n<p>Komet am Himmel, Inflationsangst, Missernten: als 1618 der Krieg in B\u00f6hmen begann, der 30 Jahre dauern sollte und weite Teile Europas verheerte, meinten viele Menschen, nach der Glaubensspaltung beg\u00e4nne nun die Endzeit.<\/p>\n<p>Warum tobte der Krieg auch in Niedersachsens? War die Reformation wirklich der Ausl\u00f6ser? Was k\u00f6nnen wir aus den Ereignissen f\u00fcr den Frieden in der Welt lernen?<\/p>\n<p>Nach allem Sterben und Zerst\u00f6ren gelang 1648 schlie\u00dflich ein Friedensschluss, dessen Prinzipien noch heute beachtenswert sind. Der Blick auf die Kriegsereignisse in Niedersachsen zeigt zugleich beispielhaft, wie sehr es um die Vorherrschaft in der Mitte Europas ging.<\/p>\n<p>&nbsp;<\/p>\n<p>&nbsp;<\/p>\n<p>&nbsp;<\/p>\n<p>&nbsp;<\/p>\n","protected":false},"excerpt":{"rendered":"<p>Prof. Dr. Carl-Hans Hauptmeyer, Hannover Apokalypse oder Kampf um europ\u00e4ische Vormachtstellung? Der Drei\u00dfigj\u00e4hrige Krieg und Niedersachsen 18:30 Uhr Historisches Museum am Hohen Ufer, Hannover &nbsp; Ausschnitt \u201eDie Schrecken des Krieges; &#8230;<\/p>\n","protected":false},"author":2,"featured_media":594,"comment_status":"closed","ping_status":"closed","sticky":false,"template":"","format":"standard","meta":{"_crdt_document":"","footnotes":""},"categories":[3],"tags":[],"class_list":["post-585","post","type-post","status-publish","format-standard","has-post-thumbnail","hentry","category-vortraege"],"jetpack_featured_media_url":"https:\/\/www.historischer-verein-niedersachsen.de\/wp-content\/uploads\/2019\/07\/Ausschnitt_The_Hanging_J_Callot.png","_links":{"self":[{"href":"https:\/\/www.historischer-verein-niedersachsen.de\/index.php\/wp-json\/wp\/v2\/posts\/585","targetHints":{"allow":["GET"]}}],"collection":[{"href":"https:\/\/www.historischer-verein-niedersachsen.de\/index.php\/wp-json\/wp\/v2\/posts"}],"about":[{"href":"https:\/\/www.historischer-verein-niedersachsen.de\/index.php\/wp-json\/wp\/v2\/types\/post"}],"author":[{"embeddable":true,"href":"https:\/\/www.historischer-verein-niedersachsen.de\/index.php\/wp-json\/wp\/v2\/users\/2"}],"replies":[{"embeddable":true,"href":"https:\/\/www.historischer-verein-niedersachsen.de\/index.php\/wp-json\/wp\/v2\/comments?post=585"}],"version-history":[{"count":7,"href":"https:\/\/www.historischer-verein-niedersachsen.de\/index.php\/wp-json\/wp\/v2\/posts\/585\/revisions"}],"predecessor-version":[{"id":599,"href":"https:\/\/www.historischer-verein-niedersachsen.de\/index.php\/wp-json\/wp\/v2\/posts\/585\/revisions\/599"}],"wp:featuredmedia":[{"embeddable":true,"href":"https:\/\/www.historischer-verein-niedersachsen.de\/index.php\/wp-json\/wp\/v2\/media\/594"}],"wp:attachment":[{"href":"https:\/\/www.historischer-verein-niedersachsen.de\/index.php\/wp-json\/wp\/v2\/media?parent=585"}],"wp:term":[{"taxonomy":"category","embeddable":true,"href":"https:\/\/www.historischer-verein-niedersachsen.de\/index.php\/wp-json\/wp\/v2\/categories?post=585"},{"taxonomy":"post_tag","embeddable":true,"href":"https:\/\/www.historischer-verein-niedersachsen.de\/index.php\/wp-json\/wp\/v2\/tags?post=585"}],"curies":[{"name":"wp","href":"https:\/\/api.w.org\/{rel}","templated":true}]}}