{"id":403,"date":"2018-08-20T14:21:19","date_gmt":"2018-08-20T12:21:19","guid":{"rendered":"https:\/\/www.historischer-verein-niedersachsen.de\/?p=403"},"modified":"2021-02-03T11:56:40","modified_gmt":"2021-02-03T10:56:40","slug":"donnerstag-29-november-2018","status":"publish","type":"post","link":"https:\/\/www.historischer-verein-niedersachsen.de\/index.php\/2018\/08\/20\/donnerstag-29-november-2018\/","title":{"rendered":"Donnerstag, 29. November 2018"},"content":{"rendered":"<p>Dr. Sebastian Bondzio, Osnabr\u00fcck<\/p>\n<p>Soldatentod und Kriegsbereitschaft &#8211; Eine nieders\u00e4chsische Stadt zwischen &#8222;Augusterlebnis&#8220; und totaler Niederlage (Osnabr\u00fcck 1914-1918)<br \/>\n19:30 Uhr Historisches Museum am Hohen Ufer, Hannover<\/p>\n<p><img loading=\"lazy\" decoding=\"async\" class=\"alignnone size-medium wp-image-408\" src=\"https:\/\/www.historischer-verein-niedersachsen.de\/wp-content\/uploads\/2018\/08\/BildVortrag_Bondzio_NLA_OS_Dep_3_III_Nr_588_Aufn_56-300x210.jpg\" alt=\"\" width=\"300\" height=\"210\" srcset=\"https:\/\/www.historischer-verein-niedersachsen.de\/wp-content\/uploads\/2018\/08\/BildVortrag_Bondzio_NLA_OS_Dep_3_III_Nr_588_Aufn_56-300x210.jpg 300w, https:\/\/www.historischer-verein-niedersachsen.de\/wp-content\/uploads\/2018\/08\/BildVortrag_Bondzio_NLA_OS_Dep_3_III_Nr_588_Aufn_56-768x539.jpg 768w, https:\/\/www.historischer-verein-niedersachsen.de\/wp-content\/uploads\/2018\/08\/BildVortrag_Bondzio_NLA_OS_Dep_3_III_Nr_588_Aufn_56.jpg 800w\" sizes=\"auto, (max-width: 300px) 100vw, 300px\" \/><br \/>\n<span style=\"font-size: 8pt;\">Foto: NLA OS, Dep. 3 b III Nr. 588<\/span><\/p>\n<p><span style=\"font-size: 10pt;\">Vier Jahre beherrschte der Erste Weltkrieg das Leben der Menschen in den kriegf\u00fchrenden L\u00e4ndern. Die F\u00e4higkeit der Osnabr\u00fccker Zivilgesellschaft, diese lange Dauer auszuhalten, beruhte dabei nicht ausschlie\u00dflich auf reiner Willenskraft. Daneben waren <\/span><span style=\"font-size: 10pt;\">Eigenschaften des Sterbegeschehens und mit ihm zusammenh\u00e4ngende Ver\u00e4nderungen der Kriegskultur wesentlich, um die emotionalen Belastungen des Krieges durchstehen zu k\u00f6nnen.<\/span><\/p>\n<p><span style=\"font-size: 10pt;\">Die Untersuchung des Sterbens der Soldaten aus der <\/span><span style=\"font-size: 10pt;\">Stadt und seiner \u00dcbersetzung auf den Stadtraum fordern dazu auf, die quantitative Dimension beider neu zu bewerten. Die Befunde legen au\u00dferdem nahe, neben Trauer auch andere Gef\u00fchlslagen in die gesellschaftshistorische Analyse der Kriegsgesellschaft einzubeziehen. Auf diese Weise wird es m\u00f6glich, die beobachtbaren kulturellen Ver\u00e4nderungen zu erkl\u00e4ren und aus der Zusammenschau von Ereignissen, Emotionen und Kultur die F\u00e4higkeit &#8222;durchzuhalten&#8220; sowie deren Verschwinden zu verstehen.<\/span><\/p>\n","protected":false},"excerpt":{"rendered":"<p>Dr. Sebastian Bondzio, Osnabr\u00fcck Soldatentod und Kriegsbereitschaft &#8211; Eine nieders\u00e4chsische Stadt zwischen &#8222;Augusterlebnis&#8220; und totaler Niederlage (Osnabr\u00fcck 1914-1918) 19:30 Uhr Historisches Museum am Hohen Ufer, Hannover Foto: NLA OS, Dep. &#8230;<\/p>\n","protected":false},"author":2,"featured_media":408,"comment_status":"closed","ping_status":"closed","sticky":false,"template":"","format":"standard","meta":{"_crdt_document":"","footnotes":""},"categories":[3],"tags":[],"class_list":["post-403","post","type-post","status-publish","format-standard","has-post-thumbnail","hentry","category-vortraege"],"jetpack_featured_media_url":"https:\/\/www.historischer-verein-niedersachsen.de\/wp-content\/uploads\/2018\/08\/BildVortrag_Bondzio_NLA_OS_Dep_3_III_Nr_588_Aufn_56.jpg","_links":{"self":[{"href":"https:\/\/www.historischer-verein-niedersachsen.de\/index.php\/wp-json\/wp\/v2\/posts\/403","targetHints":{"allow":["GET"]}}],"collection":[{"href":"https:\/\/www.historischer-verein-niedersachsen.de\/index.php\/wp-json\/wp\/v2\/posts"}],"about":[{"href":"https:\/\/www.historischer-verein-niedersachsen.de\/index.php\/wp-json\/wp\/v2\/types\/post"}],"author":[{"embeddable":true,"href":"https:\/\/www.historischer-verein-niedersachsen.de\/index.php\/wp-json\/wp\/v2\/users\/2"}],"replies":[{"embeddable":true,"href":"https:\/\/www.historischer-verein-niedersachsen.de\/index.php\/wp-json\/wp\/v2\/comments?post=403"}],"version-history":[{"count":7,"href":"https:\/\/www.historischer-verein-niedersachsen.de\/index.php\/wp-json\/wp\/v2\/posts\/403\/revisions"}],"predecessor-version":[{"id":518,"href":"https:\/\/www.historischer-verein-niedersachsen.de\/index.php\/wp-json\/wp\/v2\/posts\/403\/revisions\/518"}],"wp:featuredmedia":[{"embeddable":true,"href":"https:\/\/www.historischer-verein-niedersachsen.de\/index.php\/wp-json\/wp\/v2\/media\/408"}],"wp:attachment":[{"href":"https:\/\/www.historischer-verein-niedersachsen.de\/index.php\/wp-json\/wp\/v2\/media?parent=403"}],"wp:term":[{"taxonomy":"category","embeddable":true,"href":"https:\/\/www.historischer-verein-niedersachsen.de\/index.php\/wp-json\/wp\/v2\/categories?post=403"},{"taxonomy":"post_tag","embeddable":true,"href":"https:\/\/www.historischer-verein-niedersachsen.de\/index.php\/wp-json\/wp\/v2\/tags?post=403"}],"curies":[{"name":"wp","href":"https:\/\/api.w.org\/{rel}","templated":true}]}}