{"id":383,"date":"2018-08-20T14:20:23","date_gmt":"2018-08-20T12:20:23","guid":{"rendered":"https:\/\/www.historischer-verein-niedersachsen.de\/?p=383"},"modified":"2021-02-03T11:57:09","modified_gmt":"2021-02-03T10:57:09","slug":"__trashed","status":"publish","type":"post","link":"https:\/\/www.historischer-verein-niedersachsen.de\/index.php\/2018\/08\/20\/__trashed\/","title":{"rendered":"Donnerstag, 25. Oktober 2018"},"content":{"rendered":"<p>Prof. Dr. Cornelia Rauh, Hannover<\/p>\n<p>Das Haus Hannover im Nationalsozialismus<br \/>\n19:30 Uhr Historisches Museum am Hohen Ufer, Hannover<\/p>\n<p><img loading=\"lazy\" decoding=\"async\" class=\"alignnone size-medium wp-image-448\" src=\"https:\/\/www.historischer-verein-niedersachsen.de\/wp-content\/uploads\/2018\/08\/BigS_Nr.2478_f\u00fcr_Vortrag_Rauh_ErnstAugustIII_1937klein-300x205.jpg\" alt=\"\" width=\"300\" height=\"205\" srcset=\"https:\/\/www.historischer-verein-niedersachsen.de\/wp-content\/uploads\/2018\/08\/BigS_Nr.2478_f\u00fcr_Vortrag_Rauh_ErnstAugustIII_1937klein-300x205.jpg 300w, https:\/\/www.historischer-verein-niedersachsen.de\/wp-content\/uploads\/2018\/08\/BigS_Nr.2478_f\u00fcr_Vortrag_Rauh_ErnstAugustIII_1937klein.jpg 540w\" sizes=\"auto, (max-width: 300px) 100vw, 300px\" \/><br \/>\n<span style=\"font-size: 8pt;\">Foto: NLA HA BigS Nr. 2478<\/span><\/p>\n<p><span style=\"font-size: 10pt;\">&#8222;Der Adel im Dienst der Macht&#8220;, &#8222;Der Kaisersohn bei Hitler&#8220;, oder\u00a0 &#8222;Hitlers heimliche Helfer&#8220;, lauten die Titel unl\u00e4ngst erschienener B\u00fccher, die sich alle um die Frage drehen: wie hielt es der deutsche Adel mit dem Nationalsozialismus?<\/span><\/p>\n<p><span style=\"font-size: 10pt;\">Besonders wenig ist bislang \u00fcber den Hochadel, also die bis 1918 regierenden H\u00e4user bekannt, so dass es nicht wundert, dass vor einigen Jahren Medienberichte und ein Dokumentarfilm \u00fcber Verstrickungen von Herzog Ernst August zu Braunschweig und L\u00fcneburg in NS-Unrecht gro\u00dfe \u00f6ffentliche Aufmerksamkeit fanden.<\/span><\/p>\n<p><span style=\"font-size: 10pt;\">Cornelia Rauh ist Expertin der Sozialgeschichte des Nationalsozialismus. Und sie hat sich gr\u00fcndlich mit den wirtschaftlichen Eliten befasst. Sie stellt die Forschungsergebnisse vor, die sie mit einem studentischen Team auf Grundlage des erstmals zug\u00e4nglichen Adelsarchivs zum Haus Hannover im Nationalsozialismus gewonnen hat, und ordnet sie historisch ein.<\/span><\/p>\n<p>&nbsp;<\/p>\n","protected":false},"excerpt":{"rendered":"<p>Prof. Dr. Cornelia Rauh, Hannover Das Haus Hannover im Nationalsozialismus 19:30 Uhr Historisches Museum am Hohen Ufer, Hannover Foto: NLA HA BigS Nr. 2478 &#8222;Der Adel im Dienst der Macht&#8220;, &#8230;<\/p>\n","protected":false},"author":2,"featured_media":448,"comment_status":"closed","ping_status":"closed","sticky":false,"template":"","format":"standard","meta":{"_crdt_document":"","footnotes":""},"categories":[3],"tags":[],"class_list":["post-383","post","type-post","status-publish","format-standard","has-post-thumbnail","hentry","category-vortraege"],"jetpack_featured_media_url":"https:\/\/www.historischer-verein-niedersachsen.de\/wp-content\/uploads\/2018\/08\/BigS_Nr.2478_f\u00fcr_Vortrag_Rauh_ErnstAugustIII_1937klein.jpg","_links":{"self":[{"href":"https:\/\/www.historischer-verein-niedersachsen.de\/index.php\/wp-json\/wp\/v2\/posts\/383","targetHints":{"allow":["GET"]}}],"collection":[{"href":"https:\/\/www.historischer-verein-niedersachsen.de\/index.php\/wp-json\/wp\/v2\/posts"}],"about":[{"href":"https:\/\/www.historischer-verein-niedersachsen.de\/index.php\/wp-json\/wp\/v2\/types\/post"}],"author":[{"embeddable":true,"href":"https:\/\/www.historischer-verein-niedersachsen.de\/index.php\/wp-json\/wp\/v2\/users\/2"}],"replies":[{"embeddable":true,"href":"https:\/\/www.historischer-verein-niedersachsen.de\/index.php\/wp-json\/wp\/v2\/comments?post=383"}],"version-history":[{"count":11,"href":"https:\/\/www.historischer-verein-niedersachsen.de\/index.php\/wp-json\/wp\/v2\/posts\/383\/revisions"}],"predecessor-version":[{"id":449,"href":"https:\/\/www.historischer-verein-niedersachsen.de\/index.php\/wp-json\/wp\/v2\/posts\/383\/revisions\/449"}],"wp:featuredmedia":[{"embeddable":true,"href":"https:\/\/www.historischer-verein-niedersachsen.de\/index.php\/wp-json\/wp\/v2\/media\/448"}],"wp:attachment":[{"href":"https:\/\/www.historischer-verein-niedersachsen.de\/index.php\/wp-json\/wp\/v2\/media?parent=383"}],"wp:term":[{"taxonomy":"category","embeddable":true,"href":"https:\/\/www.historischer-verein-niedersachsen.de\/index.php\/wp-json\/wp\/v2\/categories?post=383"},{"taxonomy":"post_tag","embeddable":true,"href":"https:\/\/www.historischer-verein-niedersachsen.de\/index.php\/wp-json\/wp\/v2\/tags?post=383"}],"curies":[{"name":"wp","href":"https:\/\/api.w.org\/{rel}","templated":true}]}}