{"id":344,"date":"2018-03-01T08:55:30","date_gmt":"2018-03-01T07:55:30","guid":{"rendered":"https:\/\/www.historischer-verein-niedersachsen.de\/?p=344"},"modified":"2025-12-08T15:21:25","modified_gmt":"2025-12-08T14:21:25","slug":"susanne-schilling","status":"publish","type":"post","link":"https:\/\/www.historischer-verein-niedersachsen.de\/index.php\/2018\/03\/01\/susanne-schilling\/","title":{"rendered":"SUSANNE SCHILLING"},"content":{"rendered":"<p><span style=\"font-size: 12pt;\"><strong>Ernst Graf von M\u00fcnster (1766<\/strong><strong>\u200a<\/strong><strong>\u20131839)<\/strong><\/span><br \/>\n<span style=\"font-size: 12pt;\"><strong>Ein hannoverscher Staatsmann im Spannungsfeld von Reform und Restauration<\/strong><\/span><\/p>\n<p><span style=\"font-size: 10pt;\">Fast drei Jahrzehnte geh\u00f6rte der hannoversche Staats- und Kabinettsminister Ernst Friedrich Herbert Graf von M\u00fcnster (1766\u20131839) zu den einflussreichsten politischen Akteuren, die das Kurf\u00fcrstentum und sp\u00e4tere K\u00f6nigreich Hannover im 19. Jahrhundert hervorgebracht hat. Den Grundstein hierf\u00fcr legte er insbesondere mit seinem Einsatz im hannoverschen Befreiungskampf gegen Napoleon sowie seinem Wirken auf dem Wiener Kongress, das ihn \u00fcber die Grenzen Hannovers hinaus bekannt machte. M\u00fcnsters Einfluss auf die Entwicklungen innerhalb des K\u00f6nigreichs nach 1815 stand bislang indes weniger im Fokus der historiographischen Betrachtung. Susanne Schilling vergegenw\u00e4rtigt daher erstmals den gesamten politischen Lebensweg des hannoverschen Ministers, der die Entwicklungen des Landes an der Seite der in Personalunion mit Hannover verbundenen britischen Monarchen Georg III., Georg IV. und Wilhelm IV. nachhaltig pr\u00e4gen sollte, und rekonstruiert dabei neben den weltanschaulichen Ansichten M\u00fcnsters zugleich dessen politische Haltung.<\/span><\/p>\n<p><span style=\"font-size: 10pt;\">Quellen und Darstellungen zur Geschichte Niedersachsens, Band 141<\/span><\/p>\n<p><span style=\"font-size: 10pt;\">Herausgegeben vom Historischen Verein f\u00fcr Niedersachsen<\/span><\/p>\n<p><span style=\"font-size: 10pt;\">Wehrhahn Verlag Hannover<\/span><\/p>\n<p><span style=\"font-size: 10pt;\">2018 | 352 Seiten | Hardcover | ISBN 978\u20133\u201386525\u2013592\u20131<\/span><br \/>\n<span style=\"font-size: 10pt;\">Preis: 34 \u20ac<\/span><\/p>\n<p>&nbsp;<\/p>\n","protected":false},"excerpt":{"rendered":"<p>Ernst Graf von M\u00fcnster (1766\u200a\u20131839) Ein hannoverscher Staatsmann im Spannungsfeld von Reform und Restauration Fast drei Jahrzehnte geh\u00f6rte der hannoversche Staats- und Kabinettsminister Ernst Friedrich Herbert Graf von M\u00fcnster (1766\u20131839) &#8230;<\/p>\n","protected":false},"author":2,"featured_media":351,"comment_status":"closed","ping_status":"closed","sticky":false,"template":"","format":"standard","meta":{"_crdt_document":"","footnotes":""},"categories":[30],"tags":[],"class_list":["post-344","post","type-post","status-publish","format-standard","has-post-thumbnail","hentry","category-publikationen"],"jetpack_featured_media_url":"https:\/\/www.historischer-verein-niedersachsen.de\/wp-content\/uploads\/2018\/03\/Schilling_Graf_von_M\u00fcnster_Buchcover.png","_links":{"self":[{"href":"https:\/\/www.historischer-verein-niedersachsen.de\/index.php\/wp-json\/wp\/v2\/posts\/344","targetHints":{"allow":["GET"]}}],"collection":[{"href":"https:\/\/www.historischer-verein-niedersachsen.de\/index.php\/wp-json\/wp\/v2\/posts"}],"about":[{"href":"https:\/\/www.historischer-verein-niedersachsen.de\/index.php\/wp-json\/wp\/v2\/types\/post"}],"author":[{"embeddable":true,"href":"https:\/\/www.historischer-verein-niedersachsen.de\/index.php\/wp-json\/wp\/v2\/users\/2"}],"replies":[{"embeddable":true,"href":"https:\/\/www.historischer-verein-niedersachsen.de\/index.php\/wp-json\/wp\/v2\/comments?post=344"}],"version-history":[{"count":6,"href":"https:\/\/www.historischer-verein-niedersachsen.de\/index.php\/wp-json\/wp\/v2\/posts\/344\/revisions"}],"predecessor-version":[{"id":555,"href":"https:\/\/www.historischer-verein-niedersachsen.de\/index.php\/wp-json\/wp\/v2\/posts\/344\/revisions\/555"}],"wp:featuredmedia":[{"embeddable":true,"href":"https:\/\/www.historischer-verein-niedersachsen.de\/index.php\/wp-json\/wp\/v2\/media\/351"}],"wp:attachment":[{"href":"https:\/\/www.historischer-verein-niedersachsen.de\/index.php\/wp-json\/wp\/v2\/media?parent=344"}],"wp:term":[{"taxonomy":"category","embeddable":true,"href":"https:\/\/www.historischer-verein-niedersachsen.de\/index.php\/wp-json\/wp\/v2\/categories?post=344"},{"taxonomy":"post_tag","embeddable":true,"href":"https:\/\/www.historischer-verein-niedersachsen.de\/index.php\/wp-json\/wp\/v2\/tags?post=344"}],"curies":[{"name":"wp","href":"https:\/\/api.w.org\/{rel}","templated":true}]}}