{"id":312,"date":"2017-10-16T11:46:49","date_gmt":"2017-10-16T09:46:49","guid":{"rendered":"https:\/\/www.historischer-verein-niedersachsen.de\/?p=312"},"modified":"2025-12-08T15:25:30","modified_gmt":"2025-12-08T14:25:30","slug":"eva-catherina-heesen","status":"publish","type":"post","link":"https:\/\/www.historischer-verein-niedersachsen.de\/index.php\/2017\/10\/16\/eva-catherina-heesen\/","title":{"rendered":"EVA CATHERINA HEESEN"},"content":{"rendered":"<p><span style=\"font-size: 12pt;\"><strong>Adolph Friedrich, Herzog von Cambridge als Generalgouverneur und Vizek\u00f6nig von Hannover, 1816-1837<\/strong><\/span><\/p>\n<p><span style=\"font-size: 10pt;\">Zwischen 1816 und 1837 amtierte der Herzog von Cambridge, j\u00fcngster Sohn K\u00f6nig Georgs II., als Repr\u00e4sentant der abwesenden Herrscherfamilie in Hannover. In diesen letzten Dekaden der Personalunion mit Gro\u00dfbritannien pr\u00e4gte der Herzog das Bild des Hauses in dessen Stammlanden, dennoch ist ihm uns seiner Rolle von Historikern bisher wenig Bedeutung beigemessen worden. Dieses Buch thematisiert die Hintergr\u00fcnde der Einsetzung des Stellvertreters, die an die Positionen gekn\u00fcpften politischen, gesellschaftlichen und repr\u00e4sentativen Pflichten sowie die individuelle Auslegung des Auftrags durch den Herzog. Es zeigt deutlich, dass Cambridge erheblich gr\u00f6\u00dferen Mitgestaltungswillen demonstrierte, als ihm in der bisherigen Forschung zugestanden wurde und sogar nachhaltig versuchte, seine politischen Zust\u00e4ndigkeiten auszubauen. Dieses detaillierte Profil der Repr\u00e4sentationsstrukturen unter dem Herzog beleuchtet bisher vernachl\u00e4ssigte Aspekte der nieders\u00e4chsischen Landesgeschichte des fr\u00fchen 19. Jahrhunderts und widerlegt zugleich das in der Vergangenheit vielfach reproduzierte Image Cambridges als harmloser Lebemann ohne Ambitionen.<\/span><\/p>\n<p><span style=\"font-size: 10pt;\">Quellen und Darstellungen zur Geschichte Niedersachsens, Band 139<\/span><\/p>\n<p><span style=\"font-size: 10pt;\">Herausgegeben vom Historischen Verein f\u00fcr Niedersachsen<\/span><\/p>\n<p><span style=\"font-size: 10pt;\">Wehrhahn Verlag Hannover<\/span><\/p>\n<p><span style=\"font-size: 10pt;\">2017 | 351 Seiten | Hardcover | ISBN 978-3-86525-589-1<\/span><br \/>\n<span style=\"font-size: 10pt;\">Preis: 34 \u20ac<\/span><\/p>\n","protected":false},"excerpt":{"rendered":"<p>Adolph Friedrich, Herzog von Cambridge als Generalgouverneur und Vizek\u00f6nig von Hannover, 1816-1837 Zwischen 1816 und 1837 amtierte der Herzog von Cambridge, j\u00fcngster Sohn K\u00f6nig Georgs II., als Repr\u00e4sentant der abwesenden &#8230;<\/p>\n","protected":false},"author":2,"featured_media":314,"comment_status":"closed","ping_status":"closed","sticky":false,"template":"","format":"standard","meta":{"_crdt_document":"","footnotes":""},"categories":[30],"tags":[],"class_list":["post-312","post","type-post","status-publish","format-standard","has-post-thumbnail","hentry","category-publikationen"],"jetpack_featured_media_url":"https:\/\/www.historischer-verein-niedersachsen.de\/wp-content\/uploads\/2017\/10\/HeesenCover.gif","_links":{"self":[{"href":"https:\/\/www.historischer-verein-niedersachsen.de\/index.php\/wp-json\/wp\/v2\/posts\/312","targetHints":{"allow":["GET"]}}],"collection":[{"href":"https:\/\/www.historischer-verein-niedersachsen.de\/index.php\/wp-json\/wp\/v2\/posts"}],"about":[{"href":"https:\/\/www.historischer-verein-niedersachsen.de\/index.php\/wp-json\/wp\/v2\/types\/post"}],"author":[{"embeddable":true,"href":"https:\/\/www.historischer-verein-niedersachsen.de\/index.php\/wp-json\/wp\/v2\/users\/2"}],"replies":[{"embeddable":true,"href":"https:\/\/www.historischer-verein-niedersachsen.de\/index.php\/wp-json\/wp\/v2\/comments?post=312"}],"version-history":[{"count":5,"href":"https:\/\/www.historischer-verein-niedersachsen.de\/index.php\/wp-json\/wp\/v2\/posts\/312\/revisions"}],"predecessor-version":[{"id":1859,"href":"https:\/\/www.historischer-verein-niedersachsen.de\/index.php\/wp-json\/wp\/v2\/posts\/312\/revisions\/1859"}],"wp:featuredmedia":[{"embeddable":true,"href":"https:\/\/www.historischer-verein-niedersachsen.de\/index.php\/wp-json\/wp\/v2\/media\/314"}],"wp:attachment":[{"href":"https:\/\/www.historischer-verein-niedersachsen.de\/index.php\/wp-json\/wp\/v2\/media?parent=312"}],"wp:term":[{"taxonomy":"category","embeddable":true,"href":"https:\/\/www.historischer-verein-niedersachsen.de\/index.php\/wp-json\/wp\/v2\/categories?post=312"},{"taxonomy":"post_tag","embeddable":true,"href":"https:\/\/www.historischer-verein-niedersachsen.de\/index.php\/wp-json\/wp\/v2\/tags?post=312"}],"curies":[{"name":"wp","href":"https:\/\/api.w.org\/{rel}","templated":true}]}}