{"id":1761,"date":"2025-09-25T21:10:02","date_gmt":"2025-09-25T19:10:02","guid":{"rendered":"https:\/\/www.historischer-verein-niedersachsen.de\/?p=1761"},"modified":"2026-03-20T11:08:11","modified_gmt":"2026-03-20T10:08:11","slug":"mittwoch-12-august-bis-dienstag-18-august-2026","status":"publish","type":"post","link":"https:\/\/www.historischer-verein-niedersachsen.de\/index.php\/2025\/09\/25\/mittwoch-12-august-bis-dienstag-18-august-2026\/","title":{"rendered":"Mittwoch, 12. August bis Dienstag, 18. August 2026"},"content":{"rendered":"<p><span style=\"font-size: 16px;\"><strong>Gent, Antwerpen, Br\u00fcgge \u2013 Geschichte, Kunst und Architektur<\/strong><\/span><\/p>\n<p>Die Geschichte Flanderns ist besonders durch seine wirtschaftliche Bl\u00fcte, die kulturelle Bedeutung, die politischen Konflikte und die sprachlichen sowie kulturellen Unterschiede gepr\u00e4gt. Diese Vielfalt macht die Region zu einem faszinierenden Bestandteil der europ\u00e4ischen Geschichte. Besonders bemerkenswert ist die Kunstgeschichte, da Flandern die Heimat von weltber\u00fchmten Malern wie Jan van Eyck, Hieronymus Bosch, Pieter Bruegel dem \u00c4lteren und Peter Paul Rubens war.<\/p>\n<p>Mit Br\u00fcgge, Gent und Antwerpen besitzt Flandern eine St\u00e4dtelandschaft, die auf dem europ\u00e4ischen Kontinent ihresgleichen sucht. Wir werden uns w\u00e4hrend einer siebent\u00e4gigen Reise mit deren Geschichte, Kunst und Architektur vom Mittelalter bis zur Gegenwart besch\u00e4ftigen:<\/p>\n<p>Br\u00fcgge war im 12. und 13. Jahrhundert ein wichtiger Handelsplatz und Bischofssitz. Im Sp\u00e4tmittelalter war die Region um Br\u00fcgge eines der Zentren der Textilindustrie und des Fernhandels in Europa. Das Hansekontor in Br\u00fcgge war das wirtschaftlich bedeutsamste der vier Kontore der Hanse. In der Stadt residierten zeitweise die Herz\u00f6ge von Burgund, unter deren Herrschaft Br\u00fcgge zu einer der wirtschaftlich und kulturell reichsten St\u00e4dte im damaligen Europa wurde. Die Altstadt ist umgeben von Kan\u00e4len und von Wallanlagen, auf denen Windm\u00fchlen stehen. Da Br\u00fcgge nie durch Kriege oder gro\u00dffl\u00e4chige Br\u00e4nde zerst\u00f6rt wurde, sind mittelalterliches Stadtbild und historische Geb\u00e4ude sehr gut erhalten.<\/p>\n<p>Gent entstand aus keltischen Ansiedlungen im Gebiet der M\u00fcndung der Leie in die Schelde. Im Mittelalter entwickelte sich Gent zu einem wichtigen Handelszentrum und war bekannt f\u00fcr die Produktion von Stoffen wie Leinen und Wolle. Die Stadt spielte eine wichtige Rolle im burgundischen Reich und war im 16. Jahrhundert ein Hort des Protestantismus. Im Hof ten Walle, dem sp\u00e4teren Prinzenhof, wurde am 24. Februar 1500 der sp\u00e4tere Kaiser des Heiligen R\u00f6mischen Reiches, Karl V., geboren. Die Industrialisierung im 19. Jahrhundert brachte Gent wirtschaftlichen Aufschwung durch die Textilindustrie und den Hafen. Heute ist die Stadt ein lebendiges kulturelles Zentrum, das Geschichte und Moderne auf faszinierende Weise miteinander verbindet.<\/p>\n<p>Die Hafenstadt Antwerpen war der Endpunkt einer bedeutenden mittelalterlichen Fernhandelsstra\u00dfe, der Brabanter Stra\u00dfe. Sie war eine Messestra\u00dfe, die von Leipzig \u00fcber Erfurt, Marburg, Siegen, K\u00f6ln, Aachen und L\u00fcttich nach Antwerpen verlief. \u00dcber sie wurde ein Gro\u00dfteil des damaligen Ost-West-Handels mit Pelzen, Eisenwaren und Tuchen abgewickelt. Im 16. Jahrhundert entwickelte sich Antwerpen zu einer der gr\u00f6\u00dften und wichtigsten Handelsst\u00e4dte der Welt und als bedeutendes kulturelles Zentrum zur Wirkungsst\u00e4tte von K\u00fcnstlern wie Peter Paul Rubens.<\/p>\n<figure id=\"attachment_1799\" aria-describedby=\"caption-attachment-1799\" style=\"width: 500px\" class=\"wp-caption aligncenter\"><img loading=\"lazy\" decoding=\"async\" class=\"wp-image-1799\" src=\"https:\/\/www.historischer-verein-niedersachsen.de\/wp-content\/uploads\/2025\/09\/Flandern-1024x760.jpg\" alt=\"\" width=\"500\" height=\"371\" srcset=\"https:\/\/www.historischer-verein-niedersachsen.de\/wp-content\/uploads\/2025\/09\/Flandern-1024x760.jpg 1024w, https:\/\/www.historischer-verein-niedersachsen.de\/wp-content\/uploads\/2025\/09\/Flandern-300x223.jpg 300w, https:\/\/www.historischer-verein-niedersachsen.de\/wp-content\/uploads\/2025\/09\/Flandern-768x570.jpg 768w, https:\/\/www.historischer-verein-niedersachsen.de\/wp-content\/uploads\/2025\/09\/Flandern.jpg 1086w\" sizes=\"auto, (max-width: 500px) 100vw, 500px\" \/><figcaption id=\"caption-attachment-1799\" class=\"wp-caption-text\">Impressionen aus Br\u00fcgge, Gent und Antwerpen, im Uhrzeigersinn von links oben: Rozenhoedkaai in Br\u00fcgge, Blick \u00fcber Gent, Gro\u00dfer Markt und Kathedrale in Antwerpen, Scheldepanorama von Antwerpen, Belfort von Br\u00fcgge; Mitte: Burg Gravensteen in Gent (Fotos: alle Christian Helbich)<\/figcaption><\/figure>\n<p>&nbsp;<\/p>\n<p><span style=\"font-size: 14px;\">Busreise ab\/bis Hannover mit \u00dcbernachtungen in Gent<\/span><\/p>\n<p><span style=\"font-size: 14px;\">Kosten: ca. 1.300 \u20ac (1\/2 DZ inkl. HP, EZ-Zuschlag ca. 385 \u20ac, Zuschlag Nichtmitglieder 70 \u20ac)<\/span><\/p>\n<p><span style=\"font-size: 14px;\">Leitung: Prof. Dr. Michael Rothmann \/ Dr. Sabine Graf<\/span><\/p>\n<p><span style=\"font-size: 14px; color: #ff0000;\"><strong>Die Exkursion ist leider ausgebucht. Es wird eine Warteliste gef\u00fchrt.<\/strong><\/span><\/p>\n<p><span style=\"font-size: 14px;\"><strong>Wichtig: Eine Teilnahme ist nur nach vorheriger Anmeldung in der Gesch\u00e4ftsstelle m\u00f6glich<br \/>\n<\/strong><strong>(Email: Hist.Verein@nla.niedersachsen.de, Tel.: 0511-120 6608)<\/strong><\/span><\/p>\n","protected":false},"excerpt":{"rendered":"<p>Gent, Antwerpen, Br\u00fcgge \u2013 Geschichte, Kunst und Architektur Die Geschichte Flanderns ist besonders durch seine wirtschaftliche Bl\u00fcte, die kulturelle Bedeutung, die politischen Konflikte und die sprachlichen sowie kulturellen Unterschiede gepr\u00e4gt. &#8230;<\/p>\n","protected":false},"author":3,"featured_media":1809,"comment_status":"closed","ping_status":"closed","sticky":false,"template":"","format":"standard","meta":{"_crdt_document":"","footnotes":""},"categories":[1,31],"tags":[100,101,98,99],"class_list":["post-1761","post","type-post","status-publish","format-standard","has-post-thumbnail","hentry","category-aktuelles","category-exkursionen","tag-antwerpen","tag-bruegge","tag-flandern","tag-gent"],"jetpack_featured_media_url":"https:\/\/www.historischer-verein-niedersachsen.de\/wp-content\/uploads\/2025\/09\/P1420898-scaled.jpg","_links":{"self":[{"href":"https:\/\/www.historischer-verein-niedersachsen.de\/index.php\/wp-json\/wp\/v2\/posts\/1761","targetHints":{"allow":["GET"]}}],"collection":[{"href":"https:\/\/www.historischer-verein-niedersachsen.de\/index.php\/wp-json\/wp\/v2\/posts"}],"about":[{"href":"https:\/\/www.historischer-verein-niedersachsen.de\/index.php\/wp-json\/wp\/v2\/types\/post"}],"author":[{"embeddable":true,"href":"https:\/\/www.historischer-verein-niedersachsen.de\/index.php\/wp-json\/wp\/v2\/users\/3"}],"replies":[{"embeddable":true,"href":"https:\/\/www.historischer-verein-niedersachsen.de\/index.php\/wp-json\/wp\/v2\/comments?post=1761"}],"version-history":[{"count":7,"href":"https:\/\/www.historischer-verein-niedersachsen.de\/index.php\/wp-json\/wp\/v2\/posts\/1761\/revisions"}],"predecessor-version":[{"id":1865,"href":"https:\/\/www.historischer-verein-niedersachsen.de\/index.php\/wp-json\/wp\/v2\/posts\/1761\/revisions\/1865"}],"wp:featuredmedia":[{"embeddable":true,"href":"https:\/\/www.historischer-verein-niedersachsen.de\/index.php\/wp-json\/wp\/v2\/media\/1809"}],"wp:attachment":[{"href":"https:\/\/www.historischer-verein-niedersachsen.de\/index.php\/wp-json\/wp\/v2\/media?parent=1761"}],"wp:term":[{"taxonomy":"category","embeddable":true,"href":"https:\/\/www.historischer-verein-niedersachsen.de\/index.php\/wp-json\/wp\/v2\/categories?post=1761"},{"taxonomy":"post_tag","embeddable":true,"href":"https:\/\/www.historischer-verein-niedersachsen.de\/index.php\/wp-json\/wp\/v2\/tags?post=1761"}],"curies":[{"name":"wp","href":"https:\/\/api.w.org\/{rel}","templated":true}]}}