{"id":1759,"date":"2025-09-25T21:20:45","date_gmt":"2025-09-25T19:20:45","guid":{"rendered":"https:\/\/www.historischer-verein-niedersachsen.de\/?p=1759"},"modified":"2026-03-20T11:09:49","modified_gmt":"2026-03-20T10:09:49","slug":"sonnabend-4-juli-2025","status":"publish","type":"post","link":"https:\/\/www.historischer-verein-niedersachsen.de\/index.php\/2025\/09\/25\/sonnabend-4-juli-2025\/","title":{"rendered":"Sonnabend, 4. Juli 2026"},"content":{"rendered":"<p><strong><span style=\"font-size: 16px;\">Im Wilhelm-Busch-Land \u2013 Geschichte des Dorfes Wiedensahl<\/span><\/strong><\/p>\n<p><span style=\"font-size: 14px;\">Als Beispiel eines nieders\u00e4chsischen Dorfes wird die Geschichte von Wiedensahl in seiner Einzigartigkeit gezeigt: Vom Einzelhof \u00fcber die doppelreihige Hagenhufenstruktur mit einem gro\u00dfen Dorfanger zum Stra\u00dfendorf; vom Dorfzentrum mit Teich und Kapelle, sp\u00e4ter auch Schule und Apotheke, zum Marktplatz; vom Kellereihof des Kloster Loccum, sp\u00e4ter Abtshof, dann Konsortenhof bis zur Aufteilung auf zahlreiche H\u00f6fe; von den Holzmarken im Mittelweserbereich zu Genossenschaftsforst und Privateigentum; vom Kloster Loccum als Leib-, Grund- und Gerichtsherr, den Schaumburger Grafen als Schutzherr, den Machtanspr\u00fcchen des Bischofs von Minden, von der Machtteilung zwischen Loccum und Schaumburg und der Befreiung von diesen Lasten bis zur heutigen Gemeinde als Teil einer Samtgemeinde im Landkreis Schaumburg; von evangelischen Pastoren in der Gemeinde, obwohl das Kloster Loccum als Patronatsherr noch 65 Jahre am katholischen Glauben festhielt; v<\/span><span style=\"font-size: 14px;\">on 31 Vollmeierh\u00f6fen, Hofteilungen, Handwerk, einer Schustergilde und einem Jahrmarkt zum Musikdorf mit drei Museen, von den vielf\u00e4ltigen Beziehungen der Menschen am Dreil\u00e4ndereck zu der engeren und weiteren Umgebung, und schlie\u00dflich von Gemeinschaftsgeist, Eigenbr\u00f6tler und ausgeschlossenen Hexen. Genau hier entwickelte sich der vielseitige Einzelg\u00e4nger Wilhelm Busch, der Sch\u00f6pfer der weltbekannten Geschichten von &#8222;Max und Moritz&#8220;.<\/span><\/p>\n<div class=\"mceTemp\"><\/div>\n<figure id=\"attachment_1769\" aria-describedby=\"caption-attachment-1769\" style=\"width: 500px\" class=\"wp-caption aligncenter\"><img loading=\"lazy\" decoding=\"async\" class=\"wp-image-1769\" src=\"https:\/\/www.historischer-verein-niedersachsen.de\/wp-content\/uploads\/2025\/09\/Wilhelm-Busch-Geburtshaus-in-Wiedensahl-1024x683.jpg\" alt=\"\" width=\"500\" height=\"333\" srcset=\"https:\/\/www.historischer-verein-niedersachsen.de\/wp-content\/uploads\/2025\/09\/Wilhelm-Busch-Geburtshaus-in-Wiedensahl-1024x683.jpg 1024w, https:\/\/www.historischer-verein-niedersachsen.de\/wp-content\/uploads\/2025\/09\/Wilhelm-Busch-Geburtshaus-in-Wiedensahl-300x200.jpg 300w, https:\/\/www.historischer-verein-niedersachsen.de\/wp-content\/uploads\/2025\/09\/Wilhelm-Busch-Geburtshaus-in-Wiedensahl-768x512.jpg 768w, https:\/\/www.historischer-verein-niedersachsen.de\/wp-content\/uploads\/2025\/09\/Wilhelm-Busch-Geburtshaus-in-Wiedensahl-1536x1024.jpg 1536w, https:\/\/www.historischer-verein-niedersachsen.de\/wp-content\/uploads\/2025\/09\/Wilhelm-Busch-Geburtshaus-in-Wiedensahl-2048x1365.jpg 2048w\" sizes=\"auto, (max-width: 500px) 100vw, 500px\" \/><figcaption id=\"caption-attachment-1769\" class=\"wp-caption-text\">Wilhelm Buschs Geburtshaus in Wiedensahl (Foto: Josef Lehmkuhl, https:\/\/commons.wikimedia.org\/wiki\/File:Buschhaus_in_Wiedensahl.jpg)<\/figcaption><\/figure>\n<p><span style=\"font-size: 14px;\">Treffpunkt: ca. 8:00 Uhr am Hannover Hbf. <strong>oder<\/strong> ca. 9:00 <\/span><span style=\"font-size: 14px;\">Uhr am Bahnhof Stadthagen, von dort weiter mit einem gecharterten Bus nach Wiedensahl<\/span><\/p>\n<p><span style=\"font-size: 14px;\">R\u00fcckkehr: ca. 17:30 Uhr bzw. 18:30 Uhr<\/span><\/p>\n<p><span style=\"font-size: 14px;\">Kosten: ca. 35 \u20ac ohne bzw. ca. 48 \u20ac mit Bahn-Ticket (Mitgliederpreis, Nichtmitglieder zzgl. 10 \u20ac)<\/span><\/p>\n<p><span style=\"font-size: 14px;\">Leitung: Adolf Ronnenberg<\/span><\/p>\n<p><span style=\"color: #339966;\"><strong><span style=\"font-size: 14px;\">Pl\u00e4tze f\u00fcr die Exkursion sind noch verf\u00fcgbar!<\/span><\/strong><\/span><\/p>\n<p><span style=\"font-size: 14px;\"><strong>Wichtig: Eine Teilnahme ist nur nach vorheriger Anmeldung in der Gesch\u00e4ftsstelle m\u00f6glich<br \/>\n<\/strong><strong>(Email: Hist.Verein@nla.niedersachsen.de, Tel.: 0511-120 6608)<\/strong><\/span><\/p>\n","protected":false},"excerpt":{"rendered":"<p>Im Wilhelm-Busch-Land \u2013 Geschichte des Dorfes Wiedensahl Als Beispiel eines nieders\u00e4chsischen Dorfes wird die Geschichte von Wiedensahl in seiner Einzigartigkeit gezeigt: Vom Einzelhof \u00fcber die doppelreihige Hagenhufenstruktur mit einem gro\u00dfen &#8230;<\/p>\n","protected":false},"author":3,"featured_media":1769,"comment_status":"closed","ping_status":"closed","sticky":false,"template":"","format":"standard","meta":{"_crdt_document":"","footnotes":""},"categories":[1,31],"tags":[97,96],"class_list":["post-1759","post","type-post","status-publish","format-standard","has-post-thumbnail","hentry","category-aktuelles","category-exkursionen","tag-wiedensahl","tag-wilhelm-busch"],"jetpack_featured_media_url":"https:\/\/www.historischer-verein-niedersachsen.de\/wp-content\/uploads\/2025\/09\/Wilhelm-Busch-Geburtshaus-in-Wiedensahl-scaled.jpg","_links":{"self":[{"href":"https:\/\/www.historischer-verein-niedersachsen.de\/index.php\/wp-json\/wp\/v2\/posts\/1759","targetHints":{"allow":["GET"]}}],"collection":[{"href":"https:\/\/www.historischer-verein-niedersachsen.de\/index.php\/wp-json\/wp\/v2\/posts"}],"about":[{"href":"https:\/\/www.historischer-verein-niedersachsen.de\/index.php\/wp-json\/wp\/v2\/types\/post"}],"author":[{"embeddable":true,"href":"https:\/\/www.historischer-verein-niedersachsen.de\/index.php\/wp-json\/wp\/v2\/users\/3"}],"replies":[{"embeddable":true,"href":"https:\/\/www.historischer-verein-niedersachsen.de\/index.php\/wp-json\/wp\/v2\/comments?post=1759"}],"version-history":[{"count":7,"href":"https:\/\/www.historischer-verein-niedersachsen.de\/index.php\/wp-json\/wp\/v2\/posts\/1759\/revisions"}],"predecessor-version":[{"id":1866,"href":"https:\/\/www.historischer-verein-niedersachsen.de\/index.php\/wp-json\/wp\/v2\/posts\/1759\/revisions\/1866"}],"wp:featuredmedia":[{"embeddable":true,"href":"https:\/\/www.historischer-verein-niedersachsen.de\/index.php\/wp-json\/wp\/v2\/media\/1769"}],"wp:attachment":[{"href":"https:\/\/www.historischer-verein-niedersachsen.de\/index.php\/wp-json\/wp\/v2\/media?parent=1759"}],"wp:term":[{"taxonomy":"category","embeddable":true,"href":"https:\/\/www.historischer-verein-niedersachsen.de\/index.php\/wp-json\/wp\/v2\/categories?post=1759"},{"taxonomy":"post_tag","embeddable":true,"href":"https:\/\/www.historischer-verein-niedersachsen.de\/index.php\/wp-json\/wp\/v2\/tags?post=1759"}],"curies":[{"name":"wp","href":"https:\/\/api.w.org\/{rel}","templated":true}]}}