{"id":1734,"date":"2025-09-25T20:40:06","date_gmt":"2025-09-25T18:40:06","guid":{"rendered":"https:\/\/www.historischer-verein-niedersachsen.de\/?p=1734"},"modified":"2025-11-28T12:03:06","modified_gmt":"2025-11-28T11:03:06","slug":"donnerstag-27-november-2025","status":"publish","type":"post","link":"https:\/\/www.historischer-verein-niedersachsen.de\/index.php\/2025\/09\/25\/donnerstag-27-november-2025\/","title":{"rendered":"Donnerstag, 27. November 2025"},"content":{"rendered":"<p><span style=\"font-size: 16px;\">Dr. Karin Hartewig, Bovenden<\/span><\/p>\n<p><strong><span style=\"font-size: 20px;\">Form follows Spirit. Architektur als Teil der Marke Bahlsen<\/span><\/strong><\/p>\n<p><span style=\"font-size: 16px;\"><strong>18:30 Uhr<\/strong> Nieders\u00e4chsisches Landesarchiv, Hannover<\/span><\/p>\n<figure id=\"attachment_1730\" aria-describedby=\"caption-attachment-1730\" style=\"width: 800px\" class=\"wp-caption aligncenter\"><img loading=\"lazy\" decoding=\"async\" class=\"wp-image-1730 size-large\" src=\"https:\/\/www.historischer-verein-niedersachsen.de\/wp-content\/uploads\/2025\/09\/Abb.-42a-Koken_Verwaltungsbau_1911_klein-1024x643.jpg\" alt=\"\" width=\"800\" height=\"502\" srcset=\"https:\/\/www.historischer-verein-niedersachsen.de\/wp-content\/uploads\/2025\/09\/Abb.-42a-Koken_Verwaltungsbau_1911_klein-1024x643.jpg 1024w, https:\/\/www.historischer-verein-niedersachsen.de\/wp-content\/uploads\/2025\/09\/Abb.-42a-Koken_Verwaltungsbau_1911_klein-300x188.jpg 300w, https:\/\/www.historischer-verein-niedersachsen.de\/wp-content\/uploads\/2025\/09\/Abb.-42a-Koken_Verwaltungsbau_1911_klein-768x482.jpg 768w, https:\/\/www.historischer-verein-niedersachsen.de\/wp-content\/uploads\/2025\/09\/Abb.-42a-Koken_Verwaltungsbau_1911_klein-480x300.jpg 480w, https:\/\/www.historischer-verein-niedersachsen.de\/wp-content\/uploads\/2025\/09\/Abb.-42a-Koken_Verwaltungsbau_1911_klein.jpg 1448w\" sizes=\"auto, (max-width: 800px) 100vw, 800px\" \/><figcaption id=\"caption-attachment-1730\" class=\"wp-caption-text\">Verwaltungsneubau der Firma Bahlsen in Hannover 1911 (Illustration von \u00c4nne Koken, Unternehmensarchiv Bahlsen)<\/figcaption><\/figure>\n<p><span style=\"font-size: 14px;\">Seit ihren Anf\u00e4ngen nutzte die Keksfabrik Hermann Bahlsens (gegr. 1889) souver\u00e4n alle M\u00f6glichkeiten der k\u00fcnstlerischen Reklame, um sich als Markenhersteller zu etablieren, ihre Marktmacht zu festigen und kr\u00e4ftig zu expandieren. Dass auch die Architektur ihren Anteil an der Inszenierung der Markenwelt hatte, ist weniger bekannt: Verwaltungsbau und Fabrik, Musterladen und Messebau, Architektur-Utopien, die Modell blieben, und eine neue \u201eAdvertising Architecture\u201c nach 1945 wurden f\u00fcr Jahrzehnte zum wichtigen Bestandteil der Markenkommunikation f\u00fcr Kunden und Konsumenten und zum Identifikationssymbol nach innen.<\/span><\/p>\n<p><span style=\"font-size: 14px;\">Besonders eng gestaltete sich das loyale und durchweg langj\u00e4hrige Verh\u00e4ltnis der beauftragten Architekten zu den Unternehmern. Lokale Netzwerke, geteilte Erfahrungen und zuletzt ein B\u00fcndnis der Generationen von \u201ealten Hasen\u201c und \u201ejungen Talenten\u201c machten offensichtlich den Erfolg dieser Zusammenarbeit aus.<\/span><\/p>\n<p><span style=\"font-size: 14px;\">Der Vortrag l\u00e4dt Sie zu einem Rundgang durch die Unternehmensarchitektur ein: vom Historismus \u00fcber die Reformarchitektur von 1911 und den Jugendstil vor 1914, \u00fcber den \u201enordischen Expressionismus\u201c des Ersten Weltkriegs, den Art D\u00e9co-Stil der 1930er Jahre und das versp\u00e4tete Bauhaus der 1950er Jahre bis zur internationalen Moderne und zum Brutalismus der 1960er und 1970er Jahre \u2013 und zur\u00fcck zum historischen Reformbau des Gr\u00fcnders.<\/span><\/p>\n","protected":false},"excerpt":{"rendered":"<p>Dr. Karin Hartewig, Bovenden Form follows Spirit. Architektur als Teil der Marke Bahlsen 18:30 Uhr Nieders\u00e4chsisches Landesarchiv, Hannover Seit ihren Anf\u00e4ngen nutzte die Keksfabrik Hermann Bahlsens (gegr. 1889) souver\u00e4n alle &#8230;<\/p>\n","protected":false},"author":3,"featured_media":1730,"comment_status":"closed","ping_status":"closed","sticky":false,"template":"","format":"standard","meta":{"_crdt_document":"","footnotes":""},"categories":[3],"tags":[47,79,42],"class_list":["post-1734","post","type-post","status-publish","format-standard","has-post-thumbnail","hentry","category-vortraege","tag-architektur","tag-bahlsen","tag-hannover"],"jetpack_featured_media_url":"https:\/\/www.historischer-verein-niedersachsen.de\/wp-content\/uploads\/2025\/09\/Abb.-42a-Koken_Verwaltungsbau_1911_klein.jpg","_links":{"self":[{"href":"https:\/\/www.historischer-verein-niedersachsen.de\/index.php\/wp-json\/wp\/v2\/posts\/1734","targetHints":{"allow":["GET"]}}],"collection":[{"href":"https:\/\/www.historischer-verein-niedersachsen.de\/index.php\/wp-json\/wp\/v2\/posts"}],"about":[{"href":"https:\/\/www.historischer-verein-niedersachsen.de\/index.php\/wp-json\/wp\/v2\/types\/post"}],"author":[{"embeddable":true,"href":"https:\/\/www.historischer-verein-niedersachsen.de\/index.php\/wp-json\/wp\/v2\/users\/3"}],"replies":[{"embeddable":true,"href":"https:\/\/www.historischer-verein-niedersachsen.de\/index.php\/wp-json\/wp\/v2\/comments?post=1734"}],"version-history":[{"count":3,"href":"https:\/\/www.historischer-verein-niedersachsen.de\/index.php\/wp-json\/wp\/v2\/posts\/1734\/revisions"}],"predecessor-version":[{"id":1737,"href":"https:\/\/www.historischer-verein-niedersachsen.de\/index.php\/wp-json\/wp\/v2\/posts\/1734\/revisions\/1737"}],"wp:featuredmedia":[{"embeddable":true,"href":"https:\/\/www.historischer-verein-niedersachsen.de\/index.php\/wp-json\/wp\/v2\/media\/1730"}],"wp:attachment":[{"href":"https:\/\/www.historischer-verein-niedersachsen.de\/index.php\/wp-json\/wp\/v2\/media?parent=1734"}],"wp:term":[{"taxonomy":"category","embeddable":true,"href":"https:\/\/www.historischer-verein-niedersachsen.de\/index.php\/wp-json\/wp\/v2\/categories?post=1734"},{"taxonomy":"post_tag","embeddable":true,"href":"https:\/\/www.historischer-verein-niedersachsen.de\/index.php\/wp-json\/wp\/v2\/tags?post=1734"}],"curies":[{"name":"wp","href":"https:\/\/api.w.org\/{rel}","templated":true}]}}