{"id":1722,"date":"2025-09-25T20:50:39","date_gmt":"2025-09-25T18:50:39","guid":{"rendered":"https:\/\/www.historischer-verein-niedersachsen.de\/?p=1722"},"modified":"2025-11-10T18:12:27","modified_gmt":"2025-11-10T17:12:27","slug":"donnerstag-30-oktober-2025","status":"publish","type":"post","link":"https:\/\/www.historischer-verein-niedersachsen.de\/index.php\/2025\/09\/25\/donnerstag-30-oktober-2025\/","title":{"rendered":"Donnerstag, 30. Oktober 2025"},"content":{"rendered":"<p><span style=\"font-size: 16px;\">Prof. Dr. Carl-Hans Hauptmeyer, Springe<\/span><\/p>\n<p><span style=\"font-size: 20px;\"><strong>500 Jahre \u201aGro\u00dfer Bauernkrieg\u2018. Eine Weichenstellung f\u00fcr die (nord)deutsche Geschichte?<\/strong><\/span><\/p>\n<p><span style=\"font-size: 16px;\"><strong>18:30 Uhr<\/strong> Nieders\u00e4chsisches Landesarchiv, Hannover<\/span><\/p>\n<div class=\"mceTemp\"><\/div>\n<figure id=\"attachment_1724\" aria-describedby=\"caption-attachment-1724\" style=\"width: 210px\" class=\"wp-caption aligncenter\"><img loading=\"lazy\" decoding=\"async\" class=\"wp-image-1724 size-medium\" src=\"https:\/\/www.historischer-verein-niedersachsen.de\/wp-content\/uploads\/2025\/09\/12-Artikel-210x300.png\" alt=\"\" width=\"210\" height=\"300\" srcset=\"https:\/\/www.historischer-verein-niedersachsen.de\/wp-content\/uploads\/2025\/09\/12-Artikel-210x300.png 210w, https:\/\/www.historischer-verein-niedersachsen.de\/wp-content\/uploads\/2025\/09\/12-Artikel.png 495w\" sizes=\"auto, (max-width: 210px) 100vw, 210px\" \/><figcaption id=\"caption-attachment-1724\" class=\"wp-caption-text\">Titelblatt der Flugschrift der Memminger Zw\u00f6lf Artikel von 1525 (Quelle: https:\/\/upload.wikimedia.org\/wikipedia\/commons\/f\/f8\/Titelblatt_12_Artikel.jpg)<\/figcaption><\/figure>\n<div class=\"mceTemp\"><\/div>\n<p><span style=\"font-size: 14px;\">Bundespr\u00e4sident Frank-Walter Steinmeier sprach am 5. M\u00e4rz 2025 \u00fcber die 500 Jahre zuvor in Memmingen verfassten 12 Artikel der aufst\u00e4ndischen Bauern als \u201ebleibendes Zeugnis unserer Freiheitsgeschichte, ein Dokument von gesamtdeutscher Bedeutung\u201c.<\/span><\/p>\n<p><span style=\"font-size: 14px;\">Der Gro\u00dfe Bauernkrieg fand nur im S\u00fcden und in der Mitte Deutschlands statt. Wirkte er auf die \u00fcbrigen Teile des Alten Reiches? Der hessen-kasselsche Reichstagsgesandte legte es 1793 jedenfalls nahe, als er \u00fcber den Konflikt zwischen Bauern und Landesherrschaft in Schaumburg-Lippe schrieb: \u201eDen Einwohnern von Kuckshagen fehlt nichts als ein Thomas M\u00fcntzer, und der Bauernkrieg w\u00e4re in vollen Flammen\u201c.<\/span><\/p>\n<p><span style=\"font-size: 14px;\">Die Forschung profitiert bis heute von den zwischen Ost und West um das 450. \u201eBauernkriegsjubil\u00e4um\u201c ausgebrochenen Kontroversen: Tats\u00e4chlich eine \u201eFr\u00fchb\u00fcrgerliche Revolution\u201c oder doch nur die \u201eRevolution des Gemeinen Mannes\u201c? Der Referent, damals eine Weile in Oberschwaben arbeitend, erinnert sich lebhaft daran und wird versuchen, die verschiedenen Interpretationen anschaulich abzuw\u00e4gen \u2013 und Niedersachsen dabei nicht zu vergessen.<\/span><\/p>\n","protected":false},"excerpt":{"rendered":"<p>Prof. Dr. Carl-Hans Hauptmeyer, Springe 500 Jahre \u201aGro\u00dfer Bauernkrieg\u2018. Eine Weichenstellung f\u00fcr die (nord)deutsche Geschichte? 18:30 Uhr Nieders\u00e4chsisches Landesarchiv, Hannover Bundespr\u00e4sident Frank-Walter Steinmeier sprach am 5. M\u00e4rz 2025 \u00fcber die &#8230;<\/p>\n","protected":false},"author":3,"featured_media":1724,"comment_status":"closed","ping_status":"closed","sticky":false,"template":"","format":"standard","meta":{"_crdt_document":"","footnotes":""},"categories":[3],"tags":[55,77,78],"class_list":["post-1722","post","type-post","status-publish","format-standard","has-post-thumbnail","hentry","category-vortraege","tag-bauernkrieg","tag-memmingen","tag-zwoelf-artikel"],"jetpack_featured_media_url":"https:\/\/www.historischer-verein-niedersachsen.de\/wp-content\/uploads\/2025\/09\/12-Artikel.png","_links":{"self":[{"href":"https:\/\/www.historischer-verein-niedersachsen.de\/index.php\/wp-json\/wp\/v2\/posts\/1722","targetHints":{"allow":["GET"]}}],"collection":[{"href":"https:\/\/www.historischer-verein-niedersachsen.de\/index.php\/wp-json\/wp\/v2\/posts"}],"about":[{"href":"https:\/\/www.historischer-verein-niedersachsen.de\/index.php\/wp-json\/wp\/v2\/types\/post"}],"author":[{"embeddable":true,"href":"https:\/\/www.historischer-verein-niedersachsen.de\/index.php\/wp-json\/wp\/v2\/users\/3"}],"replies":[{"embeddable":true,"href":"https:\/\/www.historischer-verein-niedersachsen.de\/index.php\/wp-json\/wp\/v2\/comments?post=1722"}],"version-history":[{"count":4,"href":"https:\/\/www.historischer-verein-niedersachsen.de\/index.php\/wp-json\/wp\/v2\/posts\/1722\/revisions"}],"predecessor-version":[{"id":1735,"href":"https:\/\/www.historischer-verein-niedersachsen.de\/index.php\/wp-json\/wp\/v2\/posts\/1722\/revisions\/1735"}],"wp:featuredmedia":[{"embeddable":true,"href":"https:\/\/www.historischer-verein-niedersachsen.de\/index.php\/wp-json\/wp\/v2\/media\/1724"}],"wp:attachment":[{"href":"https:\/\/www.historischer-verein-niedersachsen.de\/index.php\/wp-json\/wp\/v2\/media?parent=1722"}],"wp:term":[{"taxonomy":"category","embeddable":true,"href":"https:\/\/www.historischer-verein-niedersachsen.de\/index.php\/wp-json\/wp\/v2\/categories?post=1722"},{"taxonomy":"post_tag","embeddable":true,"href":"https:\/\/www.historischer-verein-niedersachsen.de\/index.php\/wp-json\/wp\/v2\/tags?post=1722"}],"curies":[{"name":"wp","href":"https:\/\/api.w.org\/{rel}","templated":true}]}}