{"id":1616,"date":"2024-09-26T15:10:47","date_gmt":"2024-09-26T13:10:47","guid":{"rendered":"https:\/\/www.historischer-verein-niedersachsen.de\/?p=1616"},"modified":"2025-08-19T18:24:35","modified_gmt":"2025-08-19T16:24:35","slug":"sonnabend-und-sonntag-16-17-august-2025","status":"publish","type":"post","link":"https:\/\/www.historischer-verein-niedersachsen.de\/index.php\/2024\/09\/26\/sonnabend-und-sonntag-16-17-august-2025\/","title":{"rendered":"Sonnabend und Sonntag, 16.\/17. August 2025"},"content":{"rendered":"<p><span style=\"font-size: 16px;\"><strong>1525: Auf den Spuren Thomas M\u00fcntzers und des Bauernkrieges in Sachsen-Anhalt<\/strong><\/span><\/p>\n<p><span style=\"font-size: 14px;\">In diesen und im kommenden Jahr j\u00e4hrt sich der Gro\u00dfe Deutsche Bauernkrieg zum 500. Mal. Grund genug f\u00fcr den Historischen Verein f\u00fcr Niedersachsen, einige der authentischen Orte des Bauernkrieges und des charismatischen &#8222;Bauernpredigers&#8220; Thomas M\u00fcntzer in Sachsen-Anhalt zu besuchen. Nach <strong>derzeitigem Planungsstand<\/strong> sind dies voraussichtlich Mansfeld, Eisleben, Allstedt und Stolberg.<\/span><\/p>\n<p><span style=\"font-size: 14px;\">Am ersten Tag stehen Mansfeld und Eisleben, die beiden Hauptresidenzen der weitverzweigten Grafen von Mansfeld, auf dem Programm. Luthers Elternhaus in Mansfeld und Luthers Sterbehaus in Eisleben sind die beiden Hauptstationen der dezentralen Landesausstellung Sachsen-Anhalt zum Bauernkrieg (<a href=\"https:\/\/www.gerechtigkeyt1525.de\/Landesausstellung\/\" target=\"_blank\" rel=\"noopener\">https:\/\/www.gerechtigkeyt1525.de\/Landesausstellung\/<\/a>). Auch Luthers Geburtshaus und seine Taufkirche St Petri und Pauli in Eisleben sollen besucht werden. Die \u00dcbernachtung erfolgt voraussichtlich im G\u00e4stehaus des Klosters Helfta bei Eisleben.<\/span><\/p>\n<p><span style=\"font-size: 14px;\">Am zweiten Tag wird vormittags i<\/span><span style=\"font-size: 14px;\">n Allstedt wird das dortige Schloss besucht, das aus einer ottonischen Pfalz hervorgegangen ist und Schauplatz der F\u00fcrstenpredigt M\u00fcntzers 1524 vor den sp\u00e4teren s\u00e4chsischen Kurf\u00fcrsten Johann und Johann Friedrich (<a href=\"https:\/\/de.wikipedia.org\/wiki\/F%C3%BCrstenpredigt\" target=\"_blank\" rel=\"noopener\">https:\/\/de.wikipedia.org\/wiki\/F%C3%BCrstenpredigt<\/a>) war. Hier entsteht im Rahmen langj\u00e4hriger Renovierungsarbeiten eine multimediale Inszenierung der Biografie M\u00fcntzers, der in der Stadt zeitweise als Prediger angestellt war, und eine kleine kulturhistorische Ausstellung zum Kontext des Bauernkriegs. <\/span><\/p>\n<p><span style=\"font-size: 14px;\">Nachmittags f\u00fchrt der R\u00fcckweg voraussichtlich vorbei an ein oder zwei von Bauern 1524\/1525 zerst\u00f6rten Gottesh\u00e4usern: die k\u00fcrzlich wiederentdeckte Mallerbacher Kapelle und das Augustinerchorherrenstift Kaltenborn bei Emseloh, wo derzeit Forschungsgrabungen stattfinden. Letzte Station ist Thomas M\u00fcntzers Geburtsstadt Stolberg im S\u00fcdharz mit seinem sehenswerten Fachwerkensemble, dem Grafenschloss, dem Museum Alte M\u00fcnze (mit einer kleinen biographischen und numismatischen Ausstellung zu M\u00fcntzer) und der Stadtkirche St. Martin, die bis 2022 aufw\u00e4ndig restauriert wurde und in der Luther 1525 gegen die Bauern predigte.<\/span><\/p>\n<figure id=\"attachment_1621\" aria-describedby=\"caption-attachment-1621\" style=\"width: 800px\" class=\"wp-caption aligncenter\"><img loading=\"lazy\" decoding=\"async\" class=\"size-large wp-image-1621\" src=\"https:\/\/www.historischer-verein-niedersachsen.de\/wp-content\/uploads\/2024\/09\/Eisleben-Marktplatz-1024x766.jpg\" alt=\"\" width=\"800\" height=\"598\" srcset=\"https:\/\/www.historischer-verein-niedersachsen.de\/wp-content\/uploads\/2024\/09\/Eisleben-Marktplatz-1024x766.jpg 1024w, https:\/\/www.historischer-verein-niedersachsen.de\/wp-content\/uploads\/2024\/09\/Eisleben-Marktplatz-300x225.jpg 300w, https:\/\/www.historischer-verein-niedersachsen.de\/wp-content\/uploads\/2024\/09\/Eisleben-Marktplatz-768x575.jpg 768w, https:\/\/www.historischer-verein-niedersachsen.de\/wp-content\/uploads\/2024\/09\/Eisleben-Marktplatz.jpg 1200w\" sizes=\"auto, (max-width: 800px) 100vw, 800px\" \/><figcaption id=\"caption-attachment-1621\" class=\"wp-caption-text\">Der Marktplatz in Eisleben mit Lutherdenkmal<br \/>Foto: Christian Helbich<\/figcaption><\/figure>\n<p>&nbsp;<\/p>\n<p><span style=\"font-size: 14px;\">Abfahrt mit dem Bus: 8:00 Uhr Hannover ZOB<\/span><\/p>\n<p><span style=\"font-size: 14px;\">R\u00fcckkehr: ca. 20 Uhr<\/span><\/p>\n<p><span style=\"font-size: 14px;\">Kosten: ca. 100 \u20ac (1\/2 DZ inkl. Fr\u00fchst\u00fcck, EZ-Zuschlag 25 \u20ac)<\/span><\/p>\n<p><span style=\"font-size: 14px;\">Leitung: Dr. Sabine Graf \/ Prof. Dr. Michael Rothmann<\/span><\/p>\n<p>&nbsp;<\/p>\n<p><span style=\"color: #ff0000;\"><strong><span style=\"font-size: 14px;\">Die Reise ist leider bereits ausgebucht, es besteht eine Warteliste.<\/span><\/strong><\/span><\/p>\n<p><span style=\"font-size: 14px;\"><strong>Wichtig: Eine Teilnahme ist nur nach vorheriger Anmeldung in der Gesch\u00e4ftsstelle m\u00f6glich<br \/>\n<\/strong><strong>(Email: Hist.Verein@nla.niedersachsen.de, Tel.: 0511-120 6608)<\/strong><\/span><\/p>\n","protected":false},"excerpt":{"rendered":"<p>1525: Auf den Spuren Thomas M\u00fcntzers und des Bauernkrieges in Sachsen-Anhalt In diesen und im kommenden Jahr j\u00e4hrt sich der Gro\u00dfe Deutsche Bauernkrieg zum 500. Mal. Grund genug f\u00fcr den &#8230;<\/p>\n","protected":false},"author":3,"featured_media":1621,"comment_status":"closed","ping_status":"closed","sticky":false,"template":"","format":"standard","meta":{"_crdt_document":"","footnotes":""},"categories":[31],"tags":[51,55,49,48,54,52,53],"class_list":["post-1616","post","type-post","status-publish","format-standard","has-post-thumbnail","hentry","category-exkursionen","tag-allstedt","tag-bauernkrieg","tag-eisleben","tag-mansfeld","tag-martin-luther","tag-stolberg","tag-thomas-muentzer"],"jetpack_featured_media_url":"https:\/\/www.historischer-verein-niedersachsen.de\/wp-content\/uploads\/2024\/09\/Eisleben-Marktplatz.jpg","_links":{"self":[{"href":"https:\/\/www.historischer-verein-niedersachsen.de\/index.php\/wp-json\/wp\/v2\/posts\/1616","targetHints":{"allow":["GET"]}}],"collection":[{"href":"https:\/\/www.historischer-verein-niedersachsen.de\/index.php\/wp-json\/wp\/v2\/posts"}],"about":[{"href":"https:\/\/www.historischer-verein-niedersachsen.de\/index.php\/wp-json\/wp\/v2\/types\/post"}],"author":[{"embeddable":true,"href":"https:\/\/www.historischer-verein-niedersachsen.de\/index.php\/wp-json\/wp\/v2\/users\/3"}],"replies":[{"embeddable":true,"href":"https:\/\/www.historischer-verein-niedersachsen.de\/index.php\/wp-json\/wp\/v2\/comments?post=1616"}],"version-history":[{"count":10,"href":"https:\/\/www.historischer-verein-niedersachsen.de\/index.php\/wp-json\/wp\/v2\/posts\/1616\/revisions"}],"predecessor-version":[{"id":1706,"href":"https:\/\/www.historischer-verein-niedersachsen.de\/index.php\/wp-json\/wp\/v2\/posts\/1616\/revisions\/1706"}],"wp:featuredmedia":[{"embeddable":true,"href":"https:\/\/www.historischer-verein-niedersachsen.de\/index.php\/wp-json\/wp\/v2\/media\/1621"}],"wp:attachment":[{"href":"https:\/\/www.historischer-verein-niedersachsen.de\/index.php\/wp-json\/wp\/v2\/media?parent=1616"}],"wp:term":[{"taxonomy":"category","embeddable":true,"href":"https:\/\/www.historischer-verein-niedersachsen.de\/index.php\/wp-json\/wp\/v2\/categories?post=1616"},{"taxonomy":"post_tag","embeddable":true,"href":"https:\/\/www.historischer-verein-niedersachsen.de\/index.php\/wp-json\/wp\/v2\/tags?post=1616"}],"curies":[{"name":"wp","href":"https:\/\/api.w.org\/{rel}","templated":true}]}}