{"id":1612,"date":"2024-09-26T15:08:27","date_gmt":"2024-09-26T13:08:27","guid":{"rendered":"https:\/\/www.historischer-verein-niedersachsen.de\/?p=1612"},"modified":"2025-06-12T11:58:56","modified_gmt":"2025-06-12T09:58:56","slug":"dienstag-10-juni-2025","status":"publish","type":"post","link":"https:\/\/www.historischer-verein-niedersachsen.de\/index.php\/2024\/09\/26\/dienstag-10-juni-2025\/","title":{"rendered":"Dienstag, 10. Juni 2025"},"content":{"rendered":"<p><span style=\"font-size: 16px;\"><strong>Salzgitter: Gedenkst\u00e4tte KZ Dr\u00fctte und Werksbesichtigung Salzgitter Flachstahl GmbH<\/strong><\/span><\/p>\n<p><span style=\"font-size: 14px;\">Mit der Salzgitter Flachstahl GmbH \u2013 so seit 2001 \u2013 geht der Stahlkonzern Salzgitter AG am Standort Salzgitter zur\u00fcck auf die 1937 gegr\u00fcndeten \u201eReichswerke AG f\u00fcr Erzbergbau und Eisenh\u00fctten \u201aHermann G\u00f6ring\u2019\u201c. Durch den Zusammenschluss mit der Ilseder H\u00fctte 1970 sieht die Salzgitter AG ihren Anfang in deren Gr\u00fcndungsjahr 1858.<\/span><\/p>\n<p><span style=\"font-size: 14px;\">Die Autarkiebestrebungen des NS-Staates hatten zum umfassenden Abbau der Erze im Salzgitter-H\u00f6henzug gef\u00fchrt, die ortsnah im seit November 1937 errichteten H\u00fcttenwerk verarbeitet wurden. Dessen Aufbau und Betrieb erfolgte neben deutschen durch ausl\u00e4ndische Arbeitskr\u00e4fte, seit Kriegsbeginn mit Kriegsgefangenen und zivilen Zwangsarbeitern. Seit Oktober 1942 wurden zur Granatenproduktion in einem Bereich des H\u00fcttenwerks KZ-H\u00e4ftlinge eingesetzt, die in den Waschkauen unter der Hochstra\u00dfe untergebracht waren. In einem Teilbereich dieses authentischen Ortes ist 1992 die Gedenkst\u00e4tte KZ Dr\u00fctte er\u00f6ffnet worden. Die Erweiterung der Gedenkst\u00e4tte auf einstige KZ-R\u00e4umlichkeiten hat Anfang der 2020er Jahre zur Neukonzeption der Ausstellung gef\u00fchrt.<\/span><\/p>\n<p><span style=\"font-size: 14px;\">Nach dem 2. Weltkrieg war das H\u00fcttenwerk bis zum Demontagestopp Anfang 1951 zu gro\u00dfen Teilen demontiert worden. Nach dem Neuaufbau war die damalige Salzgitter AG bis zum Verkauf 1992 an den Preussag Konzern im Besitz der Bundesrepublik Deutschland. Nach Ausgliederung aus dem Preussag Konzern 1998 wurde aus der Preussag Stahl AG die Salzgitter AG. Sie erwarb 2000 die Mannesmannr\u00f6hren-Werke AG und 2007 die Mehrheit der Kl\u00f6ckner-Werke AG.<\/span><\/p>\n<figure id=\"attachment_1636\" aria-describedby=\"caption-attachment-1636\" style=\"width: 800px\" class=\"wp-caption alignnone\"><img loading=\"lazy\" decoding=\"async\" class=\"size-large wp-image-1636\" src=\"https:\/\/www.historischer-verein-niedersachsen.de\/wp-content\/uploads\/2024\/09\/Salzgitter-1024x682.jpg\" alt=\"\" width=\"800\" height=\"533\" srcset=\"https:\/\/www.historischer-verein-niedersachsen.de\/wp-content\/uploads\/2024\/09\/Salzgitter-1024x682.jpg 1024w, https:\/\/www.historischer-verein-niedersachsen.de\/wp-content\/uploads\/2024\/09\/Salzgitter-300x200.jpg 300w, https:\/\/www.historischer-verein-niedersachsen.de\/wp-content\/uploads\/2024\/09\/Salzgitter-768x511.jpg 768w, https:\/\/www.historischer-verein-niedersachsen.de\/wp-content\/uploads\/2024\/09\/Salzgitter.jpg 1200w\" sizes=\"auto, (max-width: 800px) 100vw, 800px\" \/><figcaption id=\"caption-attachment-1636\" class=\"wp-caption-text\">Stahlwerk in Salzgitter-Watenstedt<br \/>Foto: Michael Heinrich Schormann<\/figcaption><\/figure>\n<p>&nbsp;<\/p>\n<p><span style=\"font-size: 14px;\">Abfahrt mit dem Bus: 8:00 Uhr Hannover ZOB<\/span><\/p>\n<p><span style=\"font-size: 14px;\">R\u00fcckkehr: ca. 18:30 Uhr<\/span><\/p>\n<p><span style=\"font-size: 14px;\">Kosten: ca. 65 \u20ac<\/span><\/p>\n<p><span style=\"font-size: 14px;\">Leitung: Dr. Gudrun Pischke \/ Michael Heinrich Schormann M.A.<\/span><\/p>\n<p>&nbsp;<\/p>\n<p><span style=\"font-size: 14px;\"><strong>Wichtig: Eine Teilnahme ist nur nach vorheriger Anmeldung in der Gesch\u00e4ftsstelle m\u00f6glich<br \/>\n<\/strong><strong>(Email: Hist.Verein@nla.niedersachsen.de, Tel.: 0511-120 6608)<\/strong><\/span><\/p>\n","protected":false},"excerpt":{"rendered":"<p>Salzgitter: Gedenkst\u00e4tte KZ Dr\u00fctte und Werksbesichtigung Salzgitter Flachstahl GmbH Mit der Salzgitter Flachstahl GmbH \u2013 so seit 2001 \u2013 geht der Stahlkonzern Salzgitter AG am Standort Salzgitter zur\u00fcck auf die &#8230;<\/p>\n","protected":false},"author":3,"featured_media":1636,"comment_status":"closed","ping_status":"closed","sticky":false,"template":"","format":"standard","meta":{"_crdt_document":"","footnotes":""},"categories":[31],"tags":[69,71,68,70],"class_list":["post-1612","post","type-post","status-publish","format-standard","has-post-thumbnail","hentry","category-exkursionen","tag-konzentrationslager","tag-preussag","tag-salzgitter","tag-stahl"],"jetpack_featured_media_url":"https:\/\/www.historischer-verein-niedersachsen.de\/wp-content\/uploads\/2024\/09\/Salzgitter.jpg","_links":{"self":[{"href":"https:\/\/www.historischer-verein-niedersachsen.de\/index.php\/wp-json\/wp\/v2\/posts\/1612","targetHints":{"allow":["GET"]}}],"collection":[{"href":"https:\/\/www.historischer-verein-niedersachsen.de\/index.php\/wp-json\/wp\/v2\/posts"}],"about":[{"href":"https:\/\/www.historischer-verein-niedersachsen.de\/index.php\/wp-json\/wp\/v2\/types\/post"}],"author":[{"embeddable":true,"href":"https:\/\/www.historischer-verein-niedersachsen.de\/index.php\/wp-json\/wp\/v2\/users\/3"}],"replies":[{"embeddable":true,"href":"https:\/\/www.historischer-verein-niedersachsen.de\/index.php\/wp-json\/wp\/v2\/comments?post=1612"}],"version-history":[{"count":9,"href":"https:\/\/www.historischer-verein-niedersachsen.de\/index.php\/wp-json\/wp\/v2\/posts\/1612\/revisions"}],"predecessor-version":[{"id":1711,"href":"https:\/\/www.historischer-verein-niedersachsen.de\/index.php\/wp-json\/wp\/v2\/posts\/1612\/revisions\/1711"}],"wp:featuredmedia":[{"embeddable":true,"href":"https:\/\/www.historischer-verein-niedersachsen.de\/index.php\/wp-json\/wp\/v2\/media\/1636"}],"wp:attachment":[{"href":"https:\/\/www.historischer-verein-niedersachsen.de\/index.php\/wp-json\/wp\/v2\/media?parent=1612"}],"wp:term":[{"taxonomy":"category","embeddable":true,"href":"https:\/\/www.historischer-verein-niedersachsen.de\/index.php\/wp-json\/wp\/v2\/categories?post=1612"},{"taxonomy":"post_tag","embeddable":true,"href":"https:\/\/www.historischer-verein-niedersachsen.de\/index.php\/wp-json\/wp\/v2\/tags?post=1612"}],"curies":[{"name":"wp","href":"https:\/\/api.w.org\/{rel}","templated":true}]}}