{"id":1610,"date":"2024-09-26T15:07:32","date_gmt":"2024-09-26T13:07:32","guid":{"rendered":"https:\/\/www.historischer-verein-niedersachsen.de\/?p=1610"},"modified":"2025-05-20T10:06:27","modified_gmt":"2025-05-20T08:06:27","slug":"sonnabend-17-mai-2025","status":"publish","type":"post","link":"https:\/\/www.historischer-verein-niedersachsen.de\/index.php\/2024\/09\/26\/sonnabend-17-mai-2025\/","title":{"rendered":"Sonnabend, 17. Mai 2025"},"content":{"rendered":"<p><span style=\"font-size: 16px;\"><strong>Stadtrundgang \u201eJ\u00fcdisches Leben in Hannover\u201c<\/strong><\/span><\/p>\n<p><span style=\"font-size: 14px;\">Der Spaziergang legt Verschwundenes und Vergessenes frei. Vor der nationalsozialistischen Verfolgung lebten gut 5.000 J\u00fcdinnen und Juden in Hannover. Das Leben der Synagogen-Gemeinde und der j\u00fcdischen Gemeinschaft war reichhaltig und vielf\u00e4ltig mit Angeboten f\u00fcr alle Lebensphasen und Lebenslagen.<\/span><\/p>\n<p><span style=\"font-size: 14px;\">Zudem spielten j\u00fcdische B\u00fcrgerinnen und B\u00fcrger wichtige Rollen im wirtschaftlichen Leben Hannovers und trugen ma\u00dfgeblich und sichtbar zum Wachstum und Entwicklung der Stadt bei.<\/span><\/p>\n<p><span style=\"font-size: 14px;\">Der Rundweg f\u00fchrt u.a. zum Duvehof, in die Rote Reihe, zum Ballhofplatz und in die Seilwinderstra\u00dfe.<\/span><\/p>\n<figure id=\"attachment_1645\" aria-describedby=\"caption-attachment-1645\" style=\"width: 800px\" class=\"wp-caption alignnone\"><img loading=\"lazy\" decoding=\"async\" class=\"size-large wp-image-1645\" src=\"https:\/\/www.historischer-verein-niedersachsen.de\/wp-content\/uploads\/2024\/10\/01b-Synagoge-coloriertes-Bild-HMH-019225-1024x715.jpg\" alt=\"\" width=\"800\" height=\"559\" srcset=\"https:\/\/www.historischer-verein-niedersachsen.de\/wp-content\/uploads\/2024\/10\/01b-Synagoge-coloriertes-Bild-HMH-019225-1024x715.jpg 1024w, https:\/\/www.historischer-verein-niedersachsen.de\/wp-content\/uploads\/2024\/10\/01b-Synagoge-coloriertes-Bild-HMH-019225-300x210.jpg 300w, https:\/\/www.historischer-verein-niedersachsen.de\/wp-content\/uploads\/2024\/10\/01b-Synagoge-coloriertes-Bild-HMH-019225-768x536.jpg 768w, https:\/\/www.historischer-verein-niedersachsen.de\/wp-content\/uploads\/2024\/10\/01b-Synagoge-coloriertes-Bild-HMH-019225.jpg 1340w\" sizes=\"auto, (max-width: 800px) 100vw, 800px\" \/><figcaption id=\"caption-attachment-1645\" class=\"wp-caption-text\">Kolorierte Postkarte der Synagoge in Hannover vor der Zerst\u00f6rung am 10. November 1938<br \/>Quelle: Historisches Museum Hannover<\/figcaption><\/figure>\n<p>&nbsp;<\/p>\n<p><span style=\"font-size: 14px;\">Start: 10:00 Uhr, Dauer ca. 2-3 Stunden<\/span><\/p>\n<p><span style=\"font-size: 14px;\">Treffpunkt: am Eingang Friederikenplatz des Nieders\u00e4chsischen Landesarchivs (Am Archiv 1, Hannover)<\/span><\/p>\n<p><span style=\"font-size: 14px;\">Leitung: Dr. Edel Sheridan-Quantz<\/span><\/p>\n<p><span style=\"font-size: 14px;\">Die Teilnahme ist kostenfrei.<\/span><\/p>\n<p>&nbsp;<\/p>\n<p><span style=\"font-size: 14px; color: #ff0000;\"><strong>Der Rundgang ist leider bereits ausgebucht.\u00a0<\/strong><\/span><\/p>\n","protected":false},"excerpt":{"rendered":"<p>Stadtrundgang \u201eJ\u00fcdisches Leben in Hannover\u201c Der Spaziergang legt Verschwundenes und Vergessenes frei. Vor der nationalsozialistischen Verfolgung lebten gut 5.000 J\u00fcdinnen und Juden in Hannover. Das Leben der Synagogen-Gemeinde und der &#8230;<\/p>\n","protected":false},"author":3,"featured_media":1645,"comment_status":"closed","ping_status":"closed","sticky":false,"template":"","format":"standard","meta":{"_crdt_document":"","footnotes":""},"categories":[31],"tags":[42,72,73],"class_list":["post-1610","post","type-post","status-publish","format-standard","has-post-thumbnail","hentry","category-exkursionen","tag-hannover","tag-juden","tag-synagoge"],"jetpack_featured_media_url":"https:\/\/www.historischer-verein-niedersachsen.de\/wp-content\/uploads\/2024\/10\/01b-Synagoge-coloriertes-Bild-HMH-019225.jpg","_links":{"self":[{"href":"https:\/\/www.historischer-verein-niedersachsen.de\/index.php\/wp-json\/wp\/v2\/posts\/1610","targetHints":{"allow":["GET"]}}],"collection":[{"href":"https:\/\/www.historischer-verein-niedersachsen.de\/index.php\/wp-json\/wp\/v2\/posts"}],"about":[{"href":"https:\/\/www.historischer-verein-niedersachsen.de\/index.php\/wp-json\/wp\/v2\/types\/post"}],"author":[{"embeddable":true,"href":"https:\/\/www.historischer-verein-niedersachsen.de\/index.php\/wp-json\/wp\/v2\/users\/3"}],"replies":[{"embeddable":true,"href":"https:\/\/www.historischer-verein-niedersachsen.de\/index.php\/wp-json\/wp\/v2\/comments?post=1610"}],"version-history":[{"count":7,"href":"https:\/\/www.historischer-verein-niedersachsen.de\/index.php\/wp-json\/wp\/v2\/posts\/1610\/revisions"}],"predecessor-version":[{"id":1703,"href":"https:\/\/www.historischer-verein-niedersachsen.de\/index.php\/wp-json\/wp\/v2\/posts\/1610\/revisions\/1703"}],"wp:featuredmedia":[{"embeddable":true,"href":"https:\/\/www.historischer-verein-niedersachsen.de\/index.php\/wp-json\/wp\/v2\/media\/1645"}],"wp:attachment":[{"href":"https:\/\/www.historischer-verein-niedersachsen.de\/index.php\/wp-json\/wp\/v2\/media?parent=1610"}],"wp:term":[{"taxonomy":"category","embeddable":true,"href":"https:\/\/www.historischer-verein-niedersachsen.de\/index.php\/wp-json\/wp\/v2\/categories?post=1610"},{"taxonomy":"post_tag","embeddable":true,"href":"https:\/\/www.historischer-verein-niedersachsen.de\/index.php\/wp-json\/wp\/v2\/tags?post=1610"}],"curies":[{"name":"wp","href":"https:\/\/api.w.org\/{rel}","templated":true}]}}