{"id":1602,"date":"2024-09-26T15:06:03","date_gmt":"2024-09-26T13:06:03","guid":{"rendered":"https:\/\/www.historischer-verein-niedersachsen.de\/?p=1602"},"modified":"2025-08-12T18:05:12","modified_gmt":"2025-08-12T16:05:12","slug":"donnerstag-24-april-2025","status":"publish","type":"post","link":"https:\/\/www.historischer-verein-niedersachsen.de\/index.php\/2024\/09\/26\/donnerstag-24-april-2025\/","title":{"rendered":"Donnerstag, 24. April 2025"},"content":{"rendered":"<p><span style=\"font-size: 16px;\">Dr. Arne Hoffrichter, Hannover<\/span><\/p>\n<p><span style=\"font-size: 20px;\"><strong>Niedersachsen und die DDR-Flucht \u2013 Zur Rolle des Notaufnahmelagers Uelzen-Bohldamm vor dem Mauerbau<\/strong><\/span><\/p>\n<p><span style=\"font-size: 16px;\"><strong>18:30 Uhr<\/strong> Nieders\u00e4chsisches Landesarchiv, Hannover<\/span><\/p>\n<figure id=\"attachment_1580\" aria-describedby=\"caption-attachment-1580\" style=\"width: 300px\" class=\"wp-caption aligncenter\"><img loading=\"lazy\" decoding=\"async\" class=\"size-medium wp-image-1580\" src=\"https:\/\/www.historischer-verein-niedersachsen.de\/wp-content\/uploads\/2024\/09\/Uelzen-Bohldamm-ca.-1947_kl-300x192.jpg\" alt=\"\" width=\"300\" height=\"192\" srcset=\"https:\/\/www.historischer-verein-niedersachsen.de\/wp-content\/uploads\/2024\/09\/Uelzen-Bohldamm-ca.-1947_kl-300x192.jpg 300w, https:\/\/www.historischer-verein-niedersachsen.de\/wp-content\/uploads\/2024\/09\/Uelzen-Bohldamm-ca.-1947_kl-1024x655.jpg 1024w, https:\/\/www.historischer-verein-niedersachsen.de\/wp-content\/uploads\/2024\/09\/Uelzen-Bohldamm-ca.-1947_kl-768x491.jpg 768w, https:\/\/www.historischer-verein-niedersachsen.de\/wp-content\/uploads\/2024\/09\/Uelzen-Bohldamm-ca.-1947_kl.jpg 1200w\" sizes=\"auto, (max-width: 300px) 100vw, 300px\" \/><figcaption id=\"caption-attachment-1580\" class=\"wp-caption-text\">Das Lager Bohldamm bei Uelzen aus einer Diaserie um 1947\/1950<\/figcaption><\/figure>\n<p><span style=\"font-size: 14px;\">1945 zun\u00e4chst eingerichtet als Durchgangslager f\u00fcr Fl\u00fcchtlinge und Vertriebene aus Ostmitteleuropa, war das Lager ab dem Fr\u00fchjahr 1947 zust\u00e4ndig f\u00fcr Zuwanderer und Fl\u00fcchtlinge aus der Sowjetischen Besatzungszone und sp\u00e4ter der DDR. Die Institution war in diesem Zusammenhang auf das Engste verkn\u00fcpft mit der Entwicklung der nieders\u00e4chsischen und \u2013 davon inspiriert \u2013 bundesdeutschen Zuwanderungsgesetzgebung f\u00fcr die Menschen von der anderen Seite des \u201eEisernen Vorhangs\u201c. In Uelzen wurde anhand dieser \u201eAbwehrgesetzgebung\u201c entschieden, wer als <em>politisch verfolgt<\/em> die vollen B\u00fcrgerrechte und sozialen Hilfen erhielt und wem dieser Satus zun\u00e4chst verwehrt blieb. Ab 1949 avancierte Uelzen-Bohldamm offiziell zu einem von drei Bundesnotaufnahmelagern und inoffiziell zu einer veritablen geheimdienstlichen Befragungseinrichtung.<\/span><\/p>\n<p><span style=\"font-size: 14px;\">Der Vortrag ist in \u00fcberarbeiteter Form nunmehr online im Deutschland-Archiv der Bundeszentrale f\u00fcr politische Bildung zu finden: <a href=\"https:\/\/www.bpb.de\/themen\/deutschlandarchiv\/569585\/zustrombegrenzung-im-nachkriegsdeutschland\/\" target=\"_blank\" rel=\"noopener\">https:\/\/www.bpb.de\/themen\/deutschlandarchiv\/569585\/zustrombegrenzung-im-nachkriegsdeutschland\/<\/a>\u00a0<\/span><\/p>\n<p>&nbsp;<\/p>\n<p><strong><span style=\"font-size: 14px;\">Im Anschluss findet die Mitgliederversammlung des Historischen Vereins f\u00fcr Niedersachsen statt.<\/span><\/strong><\/p>\n","protected":false},"excerpt":{"rendered":"<p>Dr. Arne Hoffrichter, Hannover Niedersachsen und die DDR-Flucht \u2013 Zur Rolle des Notaufnahmelagers Uelzen-Bohldamm vor dem Mauerbau 18:30 Uhr Nieders\u00e4chsisches Landesarchiv, Hannover 1945 zun\u00e4chst eingerichtet als Durchgangslager f\u00fcr Fl\u00fcchtlinge und &#8230;<\/p>\n","protected":false},"author":3,"featured_media":1580,"comment_status":"closed","ping_status":"closed","sticky":false,"template":"","format":"standard","meta":{"_crdt_document":"","footnotes":""},"categories":[3],"tags":[60,59,39],"class_list":["post-1602","post","type-post","status-publish","format-standard","has-post-thumbnail","hentry","category-vortraege","tag-ddr","tag-flucht","tag-notaufnahmelager"],"jetpack_featured_media_url":"https:\/\/www.historischer-verein-niedersachsen.de\/wp-content\/uploads\/2024\/09\/Uelzen-Bohldamm-ca.-1947_kl.jpg","_links":{"self":[{"href":"https:\/\/www.historischer-verein-niedersachsen.de\/index.php\/wp-json\/wp\/v2\/posts\/1602","targetHints":{"allow":["GET"]}}],"collection":[{"href":"https:\/\/www.historischer-verein-niedersachsen.de\/index.php\/wp-json\/wp\/v2\/posts"}],"about":[{"href":"https:\/\/www.historischer-verein-niedersachsen.de\/index.php\/wp-json\/wp\/v2\/types\/post"}],"author":[{"embeddable":true,"href":"https:\/\/www.historischer-verein-niedersachsen.de\/index.php\/wp-json\/wp\/v2\/users\/3"}],"replies":[{"embeddable":true,"href":"https:\/\/www.historischer-verein-niedersachsen.de\/index.php\/wp-json\/wp\/v2\/comments?post=1602"}],"version-history":[{"count":3,"href":"https:\/\/www.historischer-verein-niedersachsen.de\/index.php\/wp-json\/wp\/v2\/posts\/1602\/revisions"}],"predecessor-version":[{"id":1715,"href":"https:\/\/www.historischer-verein-niedersachsen.de\/index.php\/wp-json\/wp\/v2\/posts\/1602\/revisions\/1715"}],"wp:featuredmedia":[{"embeddable":true,"href":"https:\/\/www.historischer-verein-niedersachsen.de\/index.php\/wp-json\/wp\/v2\/media\/1580"}],"wp:attachment":[{"href":"https:\/\/www.historischer-verein-niedersachsen.de\/index.php\/wp-json\/wp\/v2\/media?parent=1602"}],"wp:term":[{"taxonomy":"category","embeddable":true,"href":"https:\/\/www.historischer-verein-niedersachsen.de\/index.php\/wp-json\/wp\/v2\/categories?post=1602"},{"taxonomy":"post_tag","embeddable":true,"href":"https:\/\/www.historischer-verein-niedersachsen.de\/index.php\/wp-json\/wp\/v2\/tags?post=1602"}],"curies":[{"name":"wp","href":"https:\/\/api.w.org\/{rel}","templated":true}]}}