{"id":1600,"date":"2024-09-26T15:05:00","date_gmt":"2024-09-26T13:05:00","guid":{"rendered":"https:\/\/www.historischer-verein-niedersachsen.de\/?p=1600"},"modified":"2025-04-01T10:55:58","modified_gmt":"2025-04-01T08:55:58","slug":"donnerstag-27-maerz-2025","status":"publish","type":"post","link":"https:\/\/www.historischer-verein-niedersachsen.de\/index.php\/2024\/09\/26\/donnerstag-27-maerz-2025\/","title":{"rendered":"Donnerstag, 27. M\u00e4rz 2025"},"content":{"rendered":"<p><span style=\"font-size: 16px;\">Dr. Nadja Wischmeyer, Niedernw\u00f6hren<\/span><\/p>\n<p><strong><span style=\"font-size: 20px;\">Eine Universit\u00e4t im Dienst des Krieges. Die TU Clausthal in der NS-Zeit<\/span><\/strong><\/p>\n<p><span style=\"font-size: 16px;\"><strong>18:30 Uhr<\/strong> Nieders\u00e4chsisches Landesarchiv, Hannover<\/span><\/p>\n<figure id=\"attachment_1666\" aria-describedby=\"caption-attachment-1666\" style=\"width: 300px\" class=\"wp-caption aligncenter\"><img loading=\"lazy\" decoding=\"async\" class=\"size-medium wp-image-1666\" src=\"https:\/\/www.historischer-verein-niedersachsen.de\/wp-content\/uploads\/2024\/10\/TU-Clausthal-Aula-Veranstaltung-NS-Zeit2-300x222.jpg\" alt=\"\" width=\"300\" height=\"222\" srcset=\"https:\/\/www.historischer-verein-niedersachsen.de\/wp-content\/uploads\/2024\/10\/TU-Clausthal-Aula-Veranstaltung-NS-Zeit2-300x222.jpg 300w, https:\/\/www.historischer-verein-niedersachsen.de\/wp-content\/uploads\/2024\/10\/TU-Clausthal-Aula-Veranstaltung-NS-Zeit2-1024x758.jpg 1024w, https:\/\/www.historischer-verein-niedersachsen.de\/wp-content\/uploads\/2024\/10\/TU-Clausthal-Aula-Veranstaltung-NS-Zeit2-768x568.jpg 768w, https:\/\/www.historischer-verein-niedersachsen.de\/wp-content\/uploads\/2024\/10\/TU-Clausthal-Aula-Veranstaltung-NS-Zeit2.jpg 1149w\" sizes=\"auto, (max-width: 300px) 100vw, 300px\" \/><figcaption id=\"caption-attachment-1666\" class=\"wp-caption-text\">Veranstaltung in der Aula Academica der damaligen Bergakademie, heute TU, w\u00e4hrend der NS-Zeit<br \/>Quelle: Pressestelle der TU Clausthal<\/figcaption><\/figure>\n<p><span style=\"font-size: 14px;\">Sp\u00e4testens im Ersten Weltkrieg kam die Forderung auf, milit\u00e4rische Bed\u00fcrfnisse und wissenschaftliche Forschungen miteinander zu verzahnen. In natur- und technikwissenschaftlichen Gro\u00dfforschungseinrichtungen und angeschlossenen Instituten wurde eine enge Zusammenarbeit mit den Vertretern und Institutionen der Wissenschaft, der Technik und der Wirtschaft koordiniert. Die Bergakademie Clausthal hatte, insbesondere im Zweiten Weltkrieg, intensive Forschungsbeziehungen und personelle Verflechtungen zu einem dieser Forschungsinstitute und beherbergte die Institution sogar zeitweise in ihren R\u00e4umlichkeiten.<\/span><\/p>\n","protected":false},"excerpt":{"rendered":"<p>Dr. Nadja Wischmeyer, Niedernw\u00f6hren Eine Universit\u00e4t im Dienst des Krieges. Die TU Clausthal in der NS-Zeit 18:30 Uhr Nieders\u00e4chsisches Landesarchiv, Hannover Sp\u00e4testens im Ersten Weltkrieg kam die Forderung auf, milit\u00e4rische &#8230;<\/p>\n","protected":false},"author":3,"featured_media":1666,"comment_status":"closed","ping_status":"closed","sticky":false,"template":"","format":"standard","meta":{"_crdt_document":"","footnotes":""},"categories":[3],"tags":[38,58,43],"class_list":["post-1600","post","type-post","status-publish","format-standard","has-post-thumbnail","hentry","category-vortraege","tag-clausthal","tag-nationalsozialismus","tag-universitaet"],"jetpack_featured_media_url":"https:\/\/www.historischer-verein-niedersachsen.de\/wp-content\/uploads\/2024\/10\/TU-Clausthal-Aula-Veranstaltung-NS-Zeit2.jpg","_links":{"self":[{"href":"https:\/\/www.historischer-verein-niedersachsen.de\/index.php\/wp-json\/wp\/v2\/posts\/1600","targetHints":{"allow":["GET"]}}],"collection":[{"href":"https:\/\/www.historischer-verein-niedersachsen.de\/index.php\/wp-json\/wp\/v2\/posts"}],"about":[{"href":"https:\/\/www.historischer-verein-niedersachsen.de\/index.php\/wp-json\/wp\/v2\/types\/post"}],"author":[{"embeddable":true,"href":"https:\/\/www.historischer-verein-niedersachsen.de\/index.php\/wp-json\/wp\/v2\/users\/3"}],"replies":[{"embeddable":true,"href":"https:\/\/www.historischer-verein-niedersachsen.de\/index.php\/wp-json\/wp\/v2\/comments?post=1600"}],"version-history":[{"count":4,"href":"https:\/\/www.historischer-verein-niedersachsen.de\/index.php\/wp-json\/wp\/v2\/posts\/1600\/revisions"}],"predecessor-version":[{"id":1669,"href":"https:\/\/www.historischer-verein-niedersachsen.de\/index.php\/wp-json\/wp\/v2\/posts\/1600\/revisions\/1669"}],"wp:featuredmedia":[{"embeddable":true,"href":"https:\/\/www.historischer-verein-niedersachsen.de\/index.php\/wp-json\/wp\/v2\/media\/1666"}],"wp:attachment":[{"href":"https:\/\/www.historischer-verein-niedersachsen.de\/index.php\/wp-json\/wp\/v2\/media?parent=1600"}],"wp:term":[{"taxonomy":"category","embeddable":true,"href":"https:\/\/www.historischer-verein-niedersachsen.de\/index.php\/wp-json\/wp\/v2\/categories?post=1600"},{"taxonomy":"post_tag","embeddable":true,"href":"https:\/\/www.historischer-verein-niedersachsen.de\/index.php\/wp-json\/wp\/v2\/tags?post=1600"}],"curies":[{"name":"wp","href":"https:\/\/api.w.org\/{rel}","templated":true}]}}