{"id":1598,"date":"2024-09-26T15:04:29","date_gmt":"2024-09-26T13:04:29","guid":{"rendered":"https:\/\/www.historischer-verein-niedersachsen.de\/?p=1598"},"modified":"2025-04-01T10:55:28","modified_gmt":"2025-04-01T08:55:28","slug":"donnerstag-27-februar-2025","status":"publish","type":"post","link":"https:\/\/www.historischer-verein-niedersachsen.de\/index.php\/2024\/09\/26\/donnerstag-27-februar-2025\/","title":{"rendered":"Donnerstag, 27. Februar 2025"},"content":{"rendered":"<p><span style=\"font-size: 16px;\">Attila D\u00e9zsi, Stuttgart<\/span><\/p>\n<p><strong><span style=\"font-size: 20px;\">Jenseits des Zeitalters der Zerst\u00f6rung \u2013 Arch\u00e4ologie der Republik Freies Wendland<\/span><\/strong><\/p>\n<p><span style=\"font-size: 16px;\">Gemeinsame Veranstaltung mit dem Nieders\u00e4chsischen Landesverein f\u00fcr Urgeschichte<\/span><\/p>\n<p><span style=\"font-size: 16px;\"><strong>18:30 Uhr<\/strong> Nieders\u00e4chsisches Landesmuseum, Willy-Brandt-Allee 5, Hannover<\/span><\/p>\n<figure id=\"attachment_1579\" aria-describedby=\"caption-attachment-1579\" style=\"width: 300px\" class=\"wp-caption aligncenter\"><img loading=\"lazy\" decoding=\"async\" class=\"size-medium wp-image-1579\" src=\"https:\/\/www.historischer-verein-niedersachsen.de\/wp-content\/uploads\/2024\/09\/Wendland-Ausgrabung-300x200.jpg\" alt=\"\" width=\"300\" height=\"200\" srcset=\"https:\/\/www.historischer-verein-niedersachsen.de\/wp-content\/uploads\/2024\/09\/Wendland-Ausgrabung-300x200.jpg 300w, https:\/\/www.historischer-verein-niedersachsen.de\/wp-content\/uploads\/2024\/09\/Wendland-Ausgrabung-1024x683.jpg 1024w, https:\/\/www.historischer-verein-niedersachsen.de\/wp-content\/uploads\/2024\/09\/Wendland-Ausgrabung-768x512.jpg 768w, https:\/\/www.historischer-verein-niedersachsen.de\/wp-content\/uploads\/2024\/09\/Wendland-Ausgrabung.jpg 1200w\" sizes=\"auto, (max-width: 300px) 100vw, 300px\" \/><figcaption id=\"caption-attachment-1579\" class=\"wp-caption-text\">Profil einer Ausgrabung in Marleben im Wendland mit zeitgeschichtlichen Fundst\u00fccken<br \/>Foto: Volker Thiel<\/figcaption><\/figure>\n<p><span style=\"font-size: 14px;\">Die Zeitgeschichtliche Arch\u00e4ologie in Europa hat sich auf materielle Hinterlassenschaften des Nationalsozialistischen Terrors und Verm\u00e4chtnisse von Konflikten konzentriert. Obwohl dies wichtig ist, k\u00f6nnte diese Arbeit zum \u201eZeitalter der Zerst\u00f6rung\u201c unbeabsichtigt Orte und Ereignisse zum Schweigen bringen, die sich dieser t\u00e4glichen Zerst\u00f6rung entgegenstellen. Eine Fallstudie \u00fcber ein Anti-Atom-Protestdorf in Deutschland in den 1980er Jahren wird zeigen, dass Br\u00fcche im Kapitalismus dort entstehen, wo Menschen nicht nur gegen etwas protestierten, sondern wenn sie mit einer alternativen Lebensweise und Zukunftsvision experimentierten.<\/span><\/p>\n<p><span style=\"font-size: 14px;\">Das Forschungsprojekt untersucht das Protestdorf der Republik Freies Wendland mit 2000 Einwohnerinnen und Einwohnern, die gegen ein nukleares Endlager protestierten und welches im Mai 1980 gewaltsam von der Polizei ger\u00e4umt wurde. Heute ist es ein wichtiger Bezugspunkt f\u00fcr die Regionalgeschichte des Wendlandes und die Diskussion \u00fcber nachhaltige Energien. In einem quellen\u00fcbergreifenden Ansatz werden arch\u00e4ologische Untersuchungen, historische Fotografien und m\u00fcndliche \u00dcberlieferungen in einer vergleichenden Perspektive interpretiert, um den Alltag im Protestdorf zu rekonstruieren und warum das Ereignis immer noch zentral f\u00fcr das pers\u00f6nliche und kollektive Ged\u00e4chtnis ist. Der Ansatz liefert neue methodologische Erkenntnisse f\u00fcr die Interpretation von Fundstellen und Artefakten des sp\u00e4ten 20. Jahrhunderts und erm\u00f6glichte es der \u00d6ffentlichkeit, sich an arch\u00e4ologischer Feldarbeit und Interpretation zu beteiligen.<\/span><\/p>\n","protected":false},"excerpt":{"rendered":"<p>Attila D\u00e9zsi, Stuttgart Jenseits des Zeitalters der Zerst\u00f6rung \u2013 Arch\u00e4ologie der Republik Freies Wendland Gemeinsame Veranstaltung mit dem Nieders\u00e4chsischen Landesverein f\u00fcr Urgeschichte 18:30 Uhr Nieders\u00e4chsisches Landesmuseum, Willy-Brandt-Allee 5, Hannover Die &#8230;<\/p>\n","protected":false},"author":3,"featured_media":1579,"comment_status":"closed","ping_status":"closed","sticky":false,"template":"","format":"standard","meta":{"_crdt_document":"","footnotes":""},"categories":[3],"tags":[61,37,62],"class_list":["post-1598","post","type-post","status-publish","format-standard","has-post-thumbnail","hentry","category-vortraege","tag-archaeologie","tag-wendland","tag-zeitgeschichte"],"jetpack_featured_media_url":"https:\/\/www.historischer-verein-niedersachsen.de\/wp-content\/uploads\/2024\/09\/Wendland-Ausgrabung.jpg","_links":{"self":[{"href":"https:\/\/www.historischer-verein-niedersachsen.de\/index.php\/wp-json\/wp\/v2\/posts\/1598","targetHints":{"allow":["GET"]}}],"collection":[{"href":"https:\/\/www.historischer-verein-niedersachsen.de\/index.php\/wp-json\/wp\/v2\/posts"}],"about":[{"href":"https:\/\/www.historischer-verein-niedersachsen.de\/index.php\/wp-json\/wp\/v2\/types\/post"}],"author":[{"embeddable":true,"href":"https:\/\/www.historischer-verein-niedersachsen.de\/index.php\/wp-json\/wp\/v2\/users\/3"}],"replies":[{"embeddable":true,"href":"https:\/\/www.historischer-verein-niedersachsen.de\/index.php\/wp-json\/wp\/v2\/comments?post=1598"}],"version-history":[{"count":1,"href":"https:\/\/www.historischer-verein-niedersachsen.de\/index.php\/wp-json\/wp\/v2\/posts\/1598\/revisions"}],"predecessor-version":[{"id":1599,"href":"https:\/\/www.historischer-verein-niedersachsen.de\/index.php\/wp-json\/wp\/v2\/posts\/1598\/revisions\/1599"}],"wp:featuredmedia":[{"embeddable":true,"href":"https:\/\/www.historischer-verein-niedersachsen.de\/index.php\/wp-json\/wp\/v2\/media\/1579"}],"wp:attachment":[{"href":"https:\/\/www.historischer-verein-niedersachsen.de\/index.php\/wp-json\/wp\/v2\/media?parent=1598"}],"wp:term":[{"taxonomy":"category","embeddable":true,"href":"https:\/\/www.historischer-verein-niedersachsen.de\/index.php\/wp-json\/wp\/v2\/categories?post=1598"},{"taxonomy":"post_tag","embeddable":true,"href":"https:\/\/www.historischer-verein-niedersachsen.de\/index.php\/wp-json\/wp\/v2\/tags?post=1598"}],"curies":[{"name":"wp","href":"https:\/\/api.w.org\/{rel}","templated":true}]}}