{"id":1573,"date":"2024-09-26T15:00:02","date_gmt":"2024-09-26T13:00:02","guid":{"rendered":"https:\/\/www.historischer-verein-niedersachsen.de\/?p=1573"},"modified":"2024-10-24T10:27:04","modified_gmt":"2024-10-24T08:27:04","slug":"mittwoch-23-oktober-2024","status":"publish","type":"post","link":"https:\/\/www.historischer-verein-niedersachsen.de\/index.php\/2024\/09\/26\/mittwoch-23-oktober-2024\/","title":{"rendered":"Mittwoch, 23. Oktober 2024"},"content":{"rendered":"<p><span style=\"font-size: 16px;\">Marie Dettmer, Hannover<\/span><\/p>\n<p><strong><span style=\"font-size: 20px;\">Nicht nur Theater! \u2013 Der Ballhof und seine wechselvolle Geschichte<\/span><\/strong><\/p>\n<p><span style=\"font-size: 16px;\"><strong>18:30 Uhr<\/strong> Nieders\u00e4chsisches Landesarchiv, Hannover<\/span><\/p>\n<figure id=\"attachment_1575\" aria-describedby=\"caption-attachment-1575\" style=\"width: 300px\" class=\"wp-caption aligncenter\"><img loading=\"lazy\" decoding=\"async\" class=\"size-medium wp-image-1575\" src=\"https:\/\/www.historischer-verein-niedersachsen.de\/wp-content\/uploads\/2024\/09\/Ballhof-300x220.jpg\" alt=\"\" width=\"300\" height=\"220\" srcset=\"https:\/\/www.historischer-verein-niedersachsen.de\/wp-content\/uploads\/2024\/09\/Ballhof-300x220.jpg 300w, https:\/\/www.historischer-verein-niedersachsen.de\/wp-content\/uploads\/2024\/09\/Ballhof-1024x751.jpg 1024w, https:\/\/www.historischer-verein-niedersachsen.de\/wp-content\/uploads\/2024\/09\/Ballhof-768x563.jpg 768w, https:\/\/www.historischer-verein-niedersachsen.de\/wp-content\/uploads\/2024\/09\/Ballhof-1536x1126.jpg 1536w, https:\/\/www.historischer-verein-niedersachsen.de\/wp-content\/uploads\/2024\/09\/Ballhof.jpg 1600w\" sizes=\"auto, (max-width: 300px) 100vw, 300px\" \/><figcaption id=\"caption-attachment-1575\" class=\"wp-caption-text\">Der Ballhof in Hannover<br \/>Foto: Marie Dettmer<\/figcaption><\/figure>\n<p><span style=\"font-size: 14px;\">Ab 1649 als Ballhaus f\u00fcr die h\u00f6fische Gesellschaft nur einen Steinwurf vom Schloss entfernt errichtet, diente der Ballhof im Laufe der Jahrhunderte sehr unterschiedlichen Zwecken: unter anderem als Theater- und Konzertraum, als Gastst\u00e4tte und als Ort f\u00fcr politische Versammlungen. Was hat sich im Ballhof alles \u201eabgespielt\u201c? Lassen Sie sich in diesem Literaturvortrag entf\u00fchren in die Zeit ab dem 17. Jahrhundert und h\u00f6ren Sie zu diesem besonderen, inmitten der hannoverschen Altstadt gelegenen Ort spannende Geschichten bis in unsere Zeit. F\u00fcr Sie ausgew\u00e4hlt und vorgetragen von der Literarischen Komponistin und Rezitatorin Marie Dettmer.<\/span><\/p>\n<p>&nbsp;<\/p>\n<p><span style=\"color: #ff0000;\"><strong><span style=\"font-size: 14px;\">Achtung: Abweichend vom \u00fcblichen Rhythmus findet die Veranstaltung an einem Mittwochabend statt!<\/span><\/strong><\/span><\/p>\n","protected":false},"excerpt":{"rendered":"<p>Marie Dettmer, Hannover Nicht nur Theater! \u2013 Der Ballhof und seine wechselvolle Geschichte 18:30 Uhr Nieders\u00e4chsisches Landesarchiv, Hannover Ab 1649 als Ballhaus f\u00fcr die h\u00f6fische Gesellschaft nur einen Steinwurf vom &#8230;<\/p>\n","protected":false},"author":3,"featured_media":1575,"comment_status":"closed","ping_status":"closed","sticky":false,"template":"","format":"standard","meta":{"_crdt_document":"","footnotes":""},"categories":[3],"tags":[40,42,41],"class_list":["post-1573","post","type-post","status-publish","format-standard","has-post-thumbnail","hentry","category-vortraege","tag-ballhof","tag-hannover","tag-theater"],"jetpack_featured_media_url":"https:\/\/www.historischer-verein-niedersachsen.de\/wp-content\/uploads\/2024\/09\/Ballhof.jpg","_links":{"self":[{"href":"https:\/\/www.historischer-verein-niedersachsen.de\/index.php\/wp-json\/wp\/v2\/posts\/1573","targetHints":{"allow":["GET"]}}],"collection":[{"href":"https:\/\/www.historischer-verein-niedersachsen.de\/index.php\/wp-json\/wp\/v2\/posts"}],"about":[{"href":"https:\/\/www.historischer-verein-niedersachsen.de\/index.php\/wp-json\/wp\/v2\/types\/post"}],"author":[{"embeddable":true,"href":"https:\/\/www.historischer-verein-niedersachsen.de\/index.php\/wp-json\/wp\/v2\/users\/3"}],"replies":[{"embeddable":true,"href":"https:\/\/www.historischer-verein-niedersachsen.de\/index.php\/wp-json\/wp\/v2\/comments?post=1573"}],"version-history":[{"count":5,"href":"https:\/\/www.historischer-verein-niedersachsen.de\/index.php\/wp-json\/wp\/v2\/posts\/1573\/revisions"}],"predecessor-version":[{"id":1657,"href":"https:\/\/www.historischer-verein-niedersachsen.de\/index.php\/wp-json\/wp\/v2\/posts\/1573\/revisions\/1657"}],"wp:featuredmedia":[{"embeddable":true,"href":"https:\/\/www.historischer-verein-niedersachsen.de\/index.php\/wp-json\/wp\/v2\/media\/1575"}],"wp:attachment":[{"href":"https:\/\/www.historischer-verein-niedersachsen.de\/index.php\/wp-json\/wp\/v2\/media?parent=1573"}],"wp:term":[{"taxonomy":"category","embeddable":true,"href":"https:\/\/www.historischer-verein-niedersachsen.de\/index.php\/wp-json\/wp\/v2\/categories?post=1573"},{"taxonomy":"post_tag","embeddable":true,"href":"https:\/\/www.historischer-verein-niedersachsen.de\/index.php\/wp-json\/wp\/v2\/tags?post=1573"}],"curies":[{"name":"wp","href":"https:\/\/api.w.org\/{rel}","templated":true}]}}