{"id":1350,"date":"2023-08-28T15:00:00","date_gmt":"2023-08-28T13:00:00","guid":{"rendered":"https:\/\/www.historischer-verein-niedersachsen.de\/?p=1350"},"modified":"2024-09-30T11:47:04","modified_gmt":"2024-09-30T09:47:04","slug":"donnerstag-25-april-2024","status":"publish","type":"post","link":"https:\/\/www.historischer-verein-niedersachsen.de\/index.php\/2023\/08\/28\/donnerstag-25-april-2024\/","title":{"rendered":"Donnerstag, 25. April 2024"},"content":{"rendered":"<p><span style=\"font-size: 16px;\">Michael Heinrich Schormann M.A., Hannover<\/span><\/p>\n<p><span style=\"font-size: 16px;\">Vom Reiherstieg zum Djubafluss \u2013 Skizzen zum hannoverschen Afrikareisenden Carl Claus von der Decken<br \/>\n<\/span><\/p>\n<p><span style=\"font-size: 16px;\"><strong>18:30 Uhr<\/strong> Nieders\u00e4chsisches Landesarchiv, Hannover<\/span><\/p>\n<p>&nbsp;<\/p>\n<figure id=\"attachment_1371\" aria-describedby=\"caption-attachment-1371\" style=\"width: 300px\" class=\"wp-caption aligncenter\"><img loading=\"lazy\" decoding=\"async\" class=\"size-medium wp-image-1371\" src=\"https:\/\/www.historischer-verein-niedersachsen.de\/wp-content\/uploads\/2023\/08\/Modell-vom-Raddampfer-Welf_Ausschnitt-300x210.jpg\" alt=\"\" width=\"300\" height=\"210\" srcset=\"https:\/\/www.historischer-verein-niedersachsen.de\/wp-content\/uploads\/2023\/08\/Modell-vom-Raddampfer-Welf_Ausschnitt-300x210.jpg 300w, https:\/\/www.historischer-verein-niedersachsen.de\/wp-content\/uploads\/2023\/08\/Modell-vom-Raddampfer-Welf_Ausschnitt-768x537.jpg 768w, https:\/\/www.historischer-verein-niedersachsen.de\/wp-content\/uploads\/2023\/08\/Modell-vom-Raddampfer-Welf_Ausschnitt.jpg 797w\" sizes=\"auto, (max-width: 300px) 100vw, 300px\" \/><figcaption id=\"caption-attachment-1371\" class=\"wp-caption-text\"><span style=\"font-size: 10px;\">Modell des Raddampfers &#8222;Welf&#8220;, Historisches Museum Hannover, Foto: Reinnhard Gottschalk<\/span><\/figcaption><\/figure>\n<p>&nbsp;<\/p>\n<p><span style=\"font-size: 14px;\">Carl Claus von der Decken war ein Offizier im K\u00f6nigreich Hannover. Ein Offizier, den man so eigentlich eher in England suchen w\u00fcrde: Aus gutem Hause, sehr wohlhabend, sehr wissbegierig und sehr wagemutig. Er unternahm mehrere Reisen nach Afrika, die ihn auch zum Kilimandscharo f\u00fchrten. F\u00fcr seine letzte Reise 1865 lie\u00df er sich auf der Reiherstiegwerft einen zerlegbaren Flussdampfer bauen. Von der Decken und sein Dampfer kehrten nicht mehr zur\u00fcck.<\/span><\/p>\n<p>&nbsp;<\/p>\n<p><span style=\"font-size: 14px;\">Im Anschluss an den Vortrag findet die Mitgliederversammlung statt.<\/span><\/p>\n","protected":false},"excerpt":{"rendered":"<p>Michael Heinrich Schormann M.A., Hannover Vom Reiherstieg zum Djubafluss \u2013 Skizzen zum hannoverschen Afrikareisenden Carl Claus von der Decken 18:30 Uhr Nieders\u00e4chsisches Landesarchiv, Hannover &nbsp; &nbsp; Carl Claus von der &#8230;<\/p>\n","protected":false},"author":2,"featured_media":1371,"comment_status":"closed","ping_status":"closed","sticky":false,"template":"","format":"standard","meta":{"_crdt_document":"","footnotes":""},"categories":[3],"tags":[],"class_list":["post-1350","post","type-post","status-publish","format-standard","has-post-thumbnail","hentry","category-vortraege"],"jetpack_featured_media_url":"https:\/\/www.historischer-verein-niedersachsen.de\/wp-content\/uploads\/2023\/08\/Modell-vom-Raddampfer-Welf_Ausschnitt.jpg","_links":{"self":[{"href":"https:\/\/www.historischer-verein-niedersachsen.de\/index.php\/wp-json\/wp\/v2\/posts\/1350","targetHints":{"allow":["GET"]}}],"collection":[{"href":"https:\/\/www.historischer-verein-niedersachsen.de\/index.php\/wp-json\/wp\/v2\/posts"}],"about":[{"href":"https:\/\/www.historischer-verein-niedersachsen.de\/index.php\/wp-json\/wp\/v2\/types\/post"}],"author":[{"embeddable":true,"href":"https:\/\/www.historischer-verein-niedersachsen.de\/index.php\/wp-json\/wp\/v2\/users\/2"}],"replies":[{"embeddable":true,"href":"https:\/\/www.historischer-verein-niedersachsen.de\/index.php\/wp-json\/wp\/v2\/comments?post=1350"}],"version-history":[{"count":14,"href":"https:\/\/www.historischer-verein-niedersachsen.de\/index.php\/wp-json\/wp\/v2\/posts\/1350\/revisions"}],"predecessor-version":[{"id":1374,"href":"https:\/\/www.historischer-verein-niedersachsen.de\/index.php\/wp-json\/wp\/v2\/posts\/1350\/revisions\/1374"}],"wp:featuredmedia":[{"embeddable":true,"href":"https:\/\/www.historischer-verein-niedersachsen.de\/index.php\/wp-json\/wp\/v2\/media\/1371"}],"wp:attachment":[{"href":"https:\/\/www.historischer-verein-niedersachsen.de\/index.php\/wp-json\/wp\/v2\/media?parent=1350"}],"wp:term":[{"taxonomy":"category","embeddable":true,"href":"https:\/\/www.historischer-verein-niedersachsen.de\/index.php\/wp-json\/wp\/v2\/categories?post=1350"},{"taxonomy":"post_tag","embeddable":true,"href":"https:\/\/www.historischer-verein-niedersachsen.de\/index.php\/wp-json\/wp\/v2\/tags?post=1350"}],"curies":[{"name":"wp","href":"https:\/\/api.w.org\/{rel}","templated":true}]}}