{"id":1344,"date":"2023-08-28T14:40:48","date_gmt":"2023-08-28T12:40:48","guid":{"rendered":"https:\/\/www.historischer-verein-niedersachsen.de\/?p=1344"},"modified":"2024-04-02T07:52:54","modified_gmt":"2024-04-02T05:52:54","slug":"donnerstag-28-maerz-2024","status":"publish","type":"post","link":"https:\/\/www.historischer-verein-niedersachsen.de\/index.php\/2023\/08\/28\/donnerstag-28-maerz-2024\/","title":{"rendered":"Donnerstag, 28. M\u00e4rz 2024"},"content":{"rendered":"<p><span style=\"font-size: 16px;\">Prof. Dr. Michael Rothmann, Hannover<\/span><\/p>\n<p><span style=\"font-size: 16px;\">Gervasius von Tilbury und die Ebstorfer Weltkarte<\/span><\/p>\n<p><span style=\"font-size: 16px;\"><strong>18:30 Uhr<\/strong> Nieders\u00e4chsisches Landesarchiv, Hannover<\/span><\/p>\n<p>&nbsp;<\/p>\n<figure id=\"attachment_1348\" aria-describedby=\"caption-attachment-1348\" style=\"width: 248px\" class=\"wp-caption aligncenter\"><img loading=\"lazy\" decoding=\"async\" class=\"size-medium wp-image-1348\" src=\"https:\/\/www.historischer-verein-niedersachsen.de\/wp-content\/uploads\/2023\/08\/Ebstorfer-Weltkarte-Ausschnitt-Niedersachsen-248x300.jpg\" alt=\"\" width=\"248\" height=\"300\" srcset=\"https:\/\/www.historischer-verein-niedersachsen.de\/wp-content\/uploads\/2023\/08\/Ebstorfer-Weltkarte-Ausschnitt-Niedersachsen-248x300.jpg 248w, https:\/\/www.historischer-verein-niedersachsen.de\/wp-content\/uploads\/2023\/08\/Ebstorfer-Weltkarte-Ausschnitt-Niedersachsen.jpg 527w\" sizes=\"auto, (max-width: 248px) 100vw, 248px\" \/><figcaption id=\"caption-attachment-1348\" class=\"wp-caption-text\"><span style=\"font-size: 10px;\">Ausschnitt aus der Ebstorfer Weltkarte mit Niedersachsen<\/span><\/figcaption><\/figure>\n<p>&nbsp;<\/p>\n<p><span style=\"font-size: 14px;\">Was verbindet eine im Kloster Ebstorf im Jahre 1830 aufgefundene mittelalterliche Weltkarte mit einem normannischen Gelehrten des 12. und 13. Jahrhunderts?\u00a0 Vor allem aufgrund der Widmung seines Hauptwerkes &#8211; einer h\u00f6fischen Enzyklop\u00e4die &#8211; den sogenannten \u201eOtia imperialia\u201c an Kaiser Otto IV. schrieb die \u00e4ltere Forschung Gervasius von Tilbury lange Zeit die Autorenschaft auch f\u00fcr die Weltkarte zu. Neuere Forschungen lehnen dies mit guten Gr\u00fcnden ab und legen den Entstehungszeitraum auf um 1300. Der Vortrag wird zun\u00e4chst die ausgesprochen spannende und kontroverse Forschungsdiskussion referieren, die unterschiedlichen Argumentationen gewichten und Autor und Weltkarte in ihren jeweiligen durchaus gemeinsamen wissenschaftsgeschichtlichen Kontext einordnen.<\/span><\/p>\n","protected":false},"excerpt":{"rendered":"<p>Prof. Dr. Michael Rothmann, Hannover Gervasius von Tilbury und die Ebstorfer Weltkarte 18:30 Uhr Nieders\u00e4chsisches Landesarchiv, Hannover &nbsp; &nbsp; Was verbindet eine im Kloster Ebstorf im Jahre 1830 aufgefundene mittelalterliche &#8230;<\/p>\n","protected":false},"author":2,"featured_media":1348,"comment_status":"closed","ping_status":"closed","sticky":false,"template":"","format":"standard","meta":{"_crdt_document":"","footnotes":""},"categories":[3],"tags":[],"class_list":["post-1344","post","type-post","status-publish","format-standard","has-post-thumbnail","hentry","category-vortraege"],"jetpack_featured_media_url":"https:\/\/www.historischer-verein-niedersachsen.de\/wp-content\/uploads\/2023\/08\/Ebstorfer-Weltkarte-Ausschnitt-Niedersachsen.jpg","_links":{"self":[{"href":"https:\/\/www.historischer-verein-niedersachsen.de\/index.php\/wp-json\/wp\/v2\/posts\/1344","targetHints":{"allow":["GET"]}}],"collection":[{"href":"https:\/\/www.historischer-verein-niedersachsen.de\/index.php\/wp-json\/wp\/v2\/posts"}],"about":[{"href":"https:\/\/www.historischer-verein-niedersachsen.de\/index.php\/wp-json\/wp\/v2\/types\/post"}],"author":[{"embeddable":true,"href":"https:\/\/www.historischer-verein-niedersachsen.de\/index.php\/wp-json\/wp\/v2\/users\/2"}],"replies":[{"embeddable":true,"href":"https:\/\/www.historischer-verein-niedersachsen.de\/index.php\/wp-json\/wp\/v2\/comments?post=1344"}],"version-history":[{"count":6,"href":"https:\/\/www.historischer-verein-niedersachsen.de\/index.php\/wp-json\/wp\/v2\/posts\/1344\/revisions"}],"predecessor-version":[{"id":1376,"href":"https:\/\/www.historischer-verein-niedersachsen.de\/index.php\/wp-json\/wp\/v2\/posts\/1344\/revisions\/1376"}],"wp:featuredmedia":[{"embeddable":true,"href":"https:\/\/www.historischer-verein-niedersachsen.de\/index.php\/wp-json\/wp\/v2\/media\/1348"}],"wp:attachment":[{"href":"https:\/\/www.historischer-verein-niedersachsen.de\/index.php\/wp-json\/wp\/v2\/media?parent=1344"}],"wp:term":[{"taxonomy":"category","embeddable":true,"href":"https:\/\/www.historischer-verein-niedersachsen.de\/index.php\/wp-json\/wp\/v2\/categories?post=1344"},{"taxonomy":"post_tag","embeddable":true,"href":"https:\/\/www.historischer-verein-niedersachsen.de\/index.php\/wp-json\/wp\/v2\/tags?post=1344"}],"curies":[{"name":"wp","href":"https:\/\/api.w.org\/{rel}","templated":true}]}}