{"id":1338,"date":"2023-08-28T14:38:22","date_gmt":"2023-08-28T12:38:22","guid":{"rendered":"https:\/\/www.historischer-verein-niedersachsen.de\/?p=1338"},"modified":"2024-03-01T17:17:38","modified_gmt":"2024-03-01T16:17:38","slug":"donnerstag-29-februar-2024","status":"publish","type":"post","link":"https:\/\/www.historischer-verein-niedersachsen.de\/index.php\/2023\/08\/28\/donnerstag-29-februar-2024\/","title":{"rendered":"Donnerstag, 29. Februar 2024"},"content":{"rendered":"<p><span style=\"font-size: 16px;\">Dr. Bettina Jungklaus, Berlin \/ Dr. Silke Wagener-Fimpel, Wolfenb\u00fcttel<\/span><\/p>\n<p><span style=\"font-size: 16px;\">Die Toten von Wolfenb\u00fcttel \u2013 Rekonstruktion einer st\u00e4dtischen Oberschicht im 17.\/18. Jahrhundert<\/span><\/p>\n<p><span style=\"font-size: 14px;\">(gemeinsam mit dem Nieders\u00e4chsischen Landesverein f\u00fcr Urgeschichte)<\/span><\/p>\n<p><span style=\"font-size: 16px;\"><strong>18:30 Uhr<\/strong> Nieders\u00e4chsisches Landesmuseum, Willy-Brandt-Allee 5, Hannover<\/span><\/p>\n<p><span style=\"font-size: 16px;\">\u00a0<\/span><\/p>\n<figure id=\"attachment_1341\" aria-describedby=\"caption-attachment-1341\" style=\"width: 199px\" class=\"wp-caption aligncenter\"><img loading=\"lazy\" decoding=\"async\" class=\"size-medium wp-image-1341\" src=\"https:\/\/www.historischer-verein-niedersachsen.de\/wp-content\/uploads\/2023\/08\/DSC_9041_verkleinert-199x300.jpg\" alt=\"\" width=\"199\" height=\"300\" srcset=\"https:\/\/www.historischer-verein-niedersachsen.de\/wp-content\/uploads\/2023\/08\/DSC_9041_verkleinert-199x300.jpg 199w, https:\/\/www.historischer-verein-niedersachsen.de\/wp-content\/uploads\/2023\/08\/DSC_9041_verkleinert.jpg 531w\" sizes=\"auto, (max-width: 199px) 100vw, 199px\" \/><figcaption id=\"caption-attachment-1341\" class=\"wp-caption-text\"><span style=\"font-size: 10px;\">Foto: Dr. Bettina Jungklaus \/ Arcontor Projekt GmbH<\/span><\/figcaption><\/figure>\n<p>&nbsp;<\/p>\n<p><span style=\"font-size: 14px;\">Im Rahmen eines\u00a0gemeinsamen Pro*Niedersachsen-Projekts der historischen und arch\u00e4ologischen Kommissionen wird die\u00a0st\u00e4dtische\u00a0Oberschicht\u00a0der\u00a0fr\u00fchen\u00a0Neuzeit (17.\/18.\u00a0Jh.)\u00a0anhand\u00a0des\u00a0Friedhofs\u00a0der\u00a0Kirche Beatae Mariae Virginis in Wolfenb\u00fcttel rekonstruiert. Zu den bei Ausgrabungen im Jahre 2015 geborgenen etwa 80 Bestatteten k\u00f6nnen aus archivalischen Quellen\u00a0individuelle\u00a0biographische\u00a0Informationen\u00a0ermittelt\u00a0werden. Gleichzeitig erm\u00f6glichen anthropologische und genetische Untersuchungen zahlreiche Aussagen zur biologischen Lebensgeschichte der Verstorbenen, beispielsweise zu Ern\u00e4hrung und Krankheiten, aber auch zu den besonderen Belastungen, denen die Bev\u00f6lkerung w\u00e4hrend zweier Belagerungen der Stadt im Drei\u00dfigj\u00e4hrigen Krieg ausgesetzt war.<\/span><\/p>\n","protected":false},"excerpt":{"rendered":"<p>Dr. Bettina Jungklaus, Berlin \/ Dr. Silke Wagener-Fimpel, Wolfenb\u00fcttel Die Toten von Wolfenb\u00fcttel \u2013 Rekonstruktion einer st\u00e4dtischen Oberschicht im 17.\/18. Jahrhundert (gemeinsam mit dem Nieders\u00e4chsischen Landesverein f\u00fcr Urgeschichte) 18:30 Uhr &#8230;<\/p>\n","protected":false},"author":2,"featured_media":1341,"comment_status":"closed","ping_status":"closed","sticky":false,"template":"","format":"standard","meta":{"_crdt_document":"","footnotes":""},"categories":[3],"tags":[],"class_list":["post-1338","post","type-post","status-publish","format-standard","has-post-thumbnail","hentry","category-vortraege"],"jetpack_featured_media_url":"https:\/\/www.historischer-verein-niedersachsen.de\/wp-content\/uploads\/2023\/08\/DSC_9041_verkleinert.jpg","_links":{"self":[{"href":"https:\/\/www.historischer-verein-niedersachsen.de\/index.php\/wp-json\/wp\/v2\/posts\/1338","targetHints":{"allow":["GET"]}}],"collection":[{"href":"https:\/\/www.historischer-verein-niedersachsen.de\/index.php\/wp-json\/wp\/v2\/posts"}],"about":[{"href":"https:\/\/www.historischer-verein-niedersachsen.de\/index.php\/wp-json\/wp\/v2\/types\/post"}],"author":[{"embeddable":true,"href":"https:\/\/www.historischer-verein-niedersachsen.de\/index.php\/wp-json\/wp\/v2\/users\/2"}],"replies":[{"embeddable":true,"href":"https:\/\/www.historischer-verein-niedersachsen.de\/index.php\/wp-json\/wp\/v2\/comments?post=1338"}],"version-history":[{"count":4,"href":"https:\/\/www.historischer-verein-niedersachsen.de\/index.php\/wp-json\/wp\/v2\/posts\/1338\/revisions"}],"predecessor-version":[{"id":1343,"href":"https:\/\/www.historischer-verein-niedersachsen.de\/index.php\/wp-json\/wp\/v2\/posts\/1338\/revisions\/1343"}],"wp:featuredmedia":[{"embeddable":true,"href":"https:\/\/www.historischer-verein-niedersachsen.de\/index.php\/wp-json\/wp\/v2\/media\/1341"}],"wp:attachment":[{"href":"https:\/\/www.historischer-verein-niedersachsen.de\/index.php\/wp-json\/wp\/v2\/media?parent=1338"}],"wp:term":[{"taxonomy":"category","embeddable":true,"href":"https:\/\/www.historischer-verein-niedersachsen.de\/index.php\/wp-json\/wp\/v2\/categories?post=1338"},{"taxonomy":"post_tag","embeddable":true,"href":"https:\/\/www.historischer-verein-niedersachsen.de\/index.php\/wp-json\/wp\/v2\/tags?post=1338"}],"curies":[{"name":"wp","href":"https:\/\/api.w.org\/{rel}","templated":true}]}}