{"id":1333,"date":"2023-08-28T14:36:58","date_gmt":"2023-08-28T12:36:58","guid":{"rendered":"https:\/\/www.historischer-verein-niedersachsen.de\/?p=1333"},"modified":"2024-01-26T07:09:44","modified_gmt":"2024-01-26T06:09:44","slug":"donnerstag-25-januar-2024","status":"publish","type":"post","link":"https:\/\/www.historischer-verein-niedersachsen.de\/index.php\/2023\/08\/28\/donnerstag-25-januar-2024\/","title":{"rendered":"Donnerstag, 25. Januar 2024"},"content":{"rendered":"<p><span style=\"font-size: 16px;\">Dr. Johannes-Paul K\u00f6gler, Dresden<br \/>\n<\/span><\/p>\n<p><span style=\"font-size: 16px;\">Wenn der Kalte Krieg hei\u00df geworden w\u00e4re. Die Stadt Hannover in den Verteidigungspl\u00e4nen der NATO<br \/>\n<\/span><\/p>\n<p><span style=\"font-size: 16px;\"><strong>18:30 Uhr<\/strong> Nieders\u00e4chsisches Landesarchiv, Hannover<\/span><\/p>\n<p>&nbsp;<\/p>\n<figure id=\"attachment_1336\" aria-describedby=\"caption-attachment-1336\" style=\"width: 166px\" class=\"wp-caption aligncenter\"><img loading=\"lazy\" decoding=\"async\" class=\"size-medium wp-image-1336\" src=\"https:\/\/www.historischer-verein-niedersachsen.de\/wp-content\/uploads\/2023\/08\/Die-Schichttorte-in-der-Vorneverteidigung-des-Kalten-Krieges-166x300.jpg\" alt=\"\" width=\"166\" height=\"300\" srcset=\"https:\/\/www.historischer-verein-niedersachsen.de\/wp-content\/uploads\/2023\/08\/Die-Schichttorte-in-der-Vorneverteidigung-des-Kalten-Krieges-166x300.jpg 166w, https:\/\/www.historischer-verein-niedersachsen.de\/wp-content\/uploads\/2023\/08\/Die-Schichttorte-in-der-Vorneverteidigung-des-Kalten-Krieges.jpg 443w\" sizes=\"auto, (max-width: 166px) 100vw, 166px\" \/><figcaption id=\"caption-attachment-1336\" class=\"wp-caption-text\"><span style=\"font-size: 10px;\">Die &#8222;Schichttorte&#8220; in der Vorneverteidigung des Kalten Krieges (zms.bundeswehr.de)<\/span><\/figcaption><\/figure>\n<p>&nbsp;<\/p>\n<p><span style=\"font-size: 14px;\">W\u00e4hrend des Kalten Krieges rechnete die NATO mit dem Angriff von 60 Warschauer Pakt Divisionen auf das Gebiet der Bundesrepublik Deutschland. Niedersachsen w\u00e4re in den Planungen der sowjetischen Milit\u00e4rf\u00fchrung ein Haupteinfallstor f\u00fcr sowjetische und ostdeutsche Panzerdivisionen gewesen, weshalb die NATO ihre Verteidigung unmittelbar an der innerdeutschen Grenze beginnen wollte. Die kaum 100 km davon entfernte Landeshauptstadt Hannover war als politischer und wirtschaftlicher Ballungsraum sowie als milit\u00e4rischer Knotenpunkt von gro\u00dfer Bedeutung, sodass die erste sowjetische Angriffsstaffel bereits ostw\u00e4rts der Stadt zerschlagen werden sollte. Die lange Zeit unter Verschluss gehaltenen Pl\u00e4ne der Alliierten f\u00fcr eine Operationsf\u00fchrung im Raum Hannover zeugen nicht nur von einem enormen Milit\u00e4rpotenzial f\u00fcr die Verteidigung, sondern auch von den gro\u00dfen Gefahren f\u00fcr die Zivilbev\u00f6lkerung einschlie\u00dflich der Bedrohung durch atomare Waffen.<\/span><\/p>\n","protected":false},"excerpt":{"rendered":"<p>Dr. Johannes-Paul K\u00f6gler, Dresden Wenn der Kalte Krieg hei\u00df geworden w\u00e4re. Die Stadt Hannover in den Verteidigungspl\u00e4nen der NATO 18:30 Uhr Nieders\u00e4chsisches Landesarchiv, Hannover &nbsp; &nbsp; W\u00e4hrend des Kalten Krieges &#8230;<\/p>\n","protected":false},"author":2,"featured_media":1336,"comment_status":"closed","ping_status":"closed","sticky":false,"template":"","format":"standard","meta":{"_crdt_document":"","footnotes":""},"categories":[3],"tags":[],"class_list":["post-1333","post","type-post","status-publish","format-standard","has-post-thumbnail","hentry","category-vortraege"],"jetpack_featured_media_url":"https:\/\/www.historischer-verein-niedersachsen.de\/wp-content\/uploads\/2023\/08\/Die-Schichttorte-in-der-Vorneverteidigung-des-Kalten-Krieges.jpg","_links":{"self":[{"href":"https:\/\/www.historischer-verein-niedersachsen.de\/index.php\/wp-json\/wp\/v2\/posts\/1333","targetHints":{"allow":["GET"]}}],"collection":[{"href":"https:\/\/www.historischer-verein-niedersachsen.de\/index.php\/wp-json\/wp\/v2\/posts"}],"about":[{"href":"https:\/\/www.historischer-verein-niedersachsen.de\/index.php\/wp-json\/wp\/v2\/types\/post"}],"author":[{"embeddable":true,"href":"https:\/\/www.historischer-verein-niedersachsen.de\/index.php\/wp-json\/wp\/v2\/users\/2"}],"replies":[{"embeddable":true,"href":"https:\/\/www.historischer-verein-niedersachsen.de\/index.php\/wp-json\/wp\/v2\/comments?post=1333"}],"version-history":[{"count":4,"href":"https:\/\/www.historischer-verein-niedersachsen.de\/index.php\/wp-json\/wp\/v2\/posts\/1333\/revisions"}],"predecessor-version":[{"id":1410,"href":"https:\/\/www.historischer-verein-niedersachsen.de\/index.php\/wp-json\/wp\/v2\/posts\/1333\/revisions\/1410"}],"wp:featuredmedia":[{"embeddable":true,"href":"https:\/\/www.historischer-verein-niedersachsen.de\/index.php\/wp-json\/wp\/v2\/media\/1336"}],"wp:attachment":[{"href":"https:\/\/www.historischer-verein-niedersachsen.de\/index.php\/wp-json\/wp\/v2\/media?parent=1333"}],"wp:term":[{"taxonomy":"category","embeddable":true,"href":"https:\/\/www.historischer-verein-niedersachsen.de\/index.php\/wp-json\/wp\/v2\/categories?post=1333"},{"taxonomy":"post_tag","embeddable":true,"href":"https:\/\/www.historischer-verein-niedersachsen.de\/index.php\/wp-json\/wp\/v2\/tags?post=1333"}],"curies":[{"name":"wp","href":"https:\/\/api.w.org\/{rel}","templated":true}]}}