{"id":1322,"date":"2023-08-28T14:32:55","date_gmt":"2023-08-28T12:32:55","guid":{"rendered":"https:\/\/www.historischer-verein-niedersachsen.de\/?p=1322"},"modified":"2023-12-01T07:24:08","modified_gmt":"2023-12-01T06:24:08","slug":"donnerstag-30-november-2023","status":"publish","type":"post","link":"https:\/\/www.historischer-verein-niedersachsen.de\/index.php\/2023\/08\/28\/donnerstag-30-november-2023\/","title":{"rendered":"Donnerstag, 30. November 2023"},"content":{"rendered":"<p><span style=\"font-size: 16px;\">Dr. Carsten Linden, Osnabr\u00fcck<\/span><\/p>\n<p><span style=\"font-size: 16px;\">Paul Leo (1893-1958) \u2013 Das Leben des evangelischen Theologen j\u00fcdischer Herkunft in den 1920er und 1930er Jahren<\/span><\/p>\n<p><span style=\"font-size: 16px;\"><strong>18:30 Uhr<\/strong> Nieders\u00e4chsisches Landesarchiv, Hannover<\/span><\/p>\n<p>&nbsp;<\/p>\n<figure id=\"attachment_1327\" aria-describedby=\"caption-attachment-1327\" style=\"width: 267px\" class=\"wp-caption aligncenter\"><img loading=\"lazy\" decoding=\"async\" class=\"size-medium wp-image-1327\" src=\"https:\/\/www.historischer-verein-niedersachsen.de\/wp-content\/uploads\/2023\/08\/Paul-Leo-verkleinerte-Datei-267x300.jpg\" alt=\"\" width=\"267\" height=\"300\" srcset=\"https:\/\/www.historischer-verein-niedersachsen.de\/wp-content\/uploads\/2023\/08\/Paul-Leo-verkleinerte-Datei-267x300.jpg 267w, https:\/\/www.historischer-verein-niedersachsen.de\/wp-content\/uploads\/2023\/08\/Paul-Leo-verkleinerte-Datei-768x863.jpg 768w, https:\/\/www.historischer-verein-niedersachsen.de\/wp-content\/uploads\/2023\/08\/Paul-Leo-verkleinerte-Datei.jpg 800w\" sizes=\"auto, (max-width: 267px) 100vw, 267px\" \/><figcaption id=\"caption-attachment-1327\" class=\"wp-caption-text\"><span style=\"font-size: 10px;\">Paul Leo<\/span><\/figcaption><\/figure>\n<p>&nbsp;<\/p>\n<p style=\"text-align: left;\"><span style=\"font-size: 14px;\">Lebensmittelpunkte in G\u00f6ttingen, auf Norderney, dem Solling, in Osnabr\u00fcck und den USA bezeichneten das Leben des evangelischen Theologen und Pastors Paul Leo. <\/span><span style=\"font-size: 14px;\">Sein Wirken in einer damals modernen kirchlichen Gruppe der 1920er Jahre steht im Zeichen der vorhandenen Aufbruchsstimmung in der Weimarer Republik. <\/span><span style=\"font-size: 14px;\">W\u00e4hrend der Zeit des Nationalsozialismus setzte sich Paul Leo f\u00fcr die verfolgten Juden ein, erlitt jedoch selbst in Osnabr\u00fcck wegen seiner j\u00fcdischen Vorfahren pers\u00f6nliche und berufliche Nachteile. <\/span><span style=\"font-size: 14px;\">In der Pogromnacht wurde er verhaftet und im KZ Buchenwald inhaftiert und misshandelt. Dort zur Auswanderung gezwungen, migrierte er 1939 in die USA. <\/span><\/p>\n<p style=\"text-align: left;\"><span style=\"font-size: 14px;\">Der Vortrag zeichnet das Leben Paul Leos und die politisch-gesellschaftlichen Konflikte im Niedersachsen der 1920er und -30er Jahre nach.<\/span><\/p>\n","protected":false},"excerpt":{"rendered":"<p>Dr. Carsten Linden, Osnabr\u00fcck Paul Leo (1893-1958) \u2013 Das Leben des evangelischen Theologen j\u00fcdischer Herkunft in den 1920er und 1930er Jahren 18:30 Uhr Nieders\u00e4chsisches Landesarchiv, Hannover &nbsp; &nbsp; Lebensmittelpunkte in &#8230;<\/p>\n","protected":false},"author":2,"featured_media":1327,"comment_status":"closed","ping_status":"closed","sticky":false,"template":"","format":"standard","meta":{"_crdt_document":"","footnotes":""},"categories":[3],"tags":[],"class_list":["post-1322","post","type-post","status-publish","format-standard","has-post-thumbnail","hentry","category-vortraege"],"jetpack_featured_media_url":"https:\/\/www.historischer-verein-niedersachsen.de\/wp-content\/uploads\/2023\/08\/Paul-Leo-verkleinerte-Datei.jpg","_links":{"self":[{"href":"https:\/\/www.historischer-verein-niedersachsen.de\/index.php\/wp-json\/wp\/v2\/posts\/1322","targetHints":{"allow":["GET"]}}],"collection":[{"href":"https:\/\/www.historischer-verein-niedersachsen.de\/index.php\/wp-json\/wp\/v2\/posts"}],"about":[{"href":"https:\/\/www.historischer-verein-niedersachsen.de\/index.php\/wp-json\/wp\/v2\/types\/post"}],"author":[{"embeddable":true,"href":"https:\/\/www.historischer-verein-niedersachsen.de\/index.php\/wp-json\/wp\/v2\/users\/2"}],"replies":[{"embeddable":true,"href":"https:\/\/www.historischer-verein-niedersachsen.de\/index.php\/wp-json\/wp\/v2\/comments?post=1322"}],"version-history":[{"count":4,"href":"https:\/\/www.historischer-verein-niedersachsen.de\/index.php\/wp-json\/wp\/v2\/posts\/1322\/revisions"}],"predecessor-version":[{"id":1328,"href":"https:\/\/www.historischer-verein-niedersachsen.de\/index.php\/wp-json\/wp\/v2\/posts\/1322\/revisions\/1328"}],"wp:featuredmedia":[{"embeddable":true,"href":"https:\/\/www.historischer-verein-niedersachsen.de\/index.php\/wp-json\/wp\/v2\/media\/1327"}],"wp:attachment":[{"href":"https:\/\/www.historischer-verein-niedersachsen.de\/index.php\/wp-json\/wp\/v2\/media?parent=1322"}],"wp:term":[{"taxonomy":"category","embeddable":true,"href":"https:\/\/www.historischer-verein-niedersachsen.de\/index.php\/wp-json\/wp\/v2\/categories?post=1322"},{"taxonomy":"post_tag","embeddable":true,"href":"https:\/\/www.historischer-verein-niedersachsen.de\/index.php\/wp-json\/wp\/v2\/tags?post=1322"}],"curies":[{"name":"wp","href":"https:\/\/api.w.org\/{rel}","templated":true}]}}