{"id":1310,"date":"2023-08-28T14:30:15","date_gmt":"2023-08-28T12:30:15","guid":{"rendered":"https:\/\/www.historischer-verein-niedersachsen.de\/?p=1310"},"modified":"2023-12-01T07:23:11","modified_gmt":"2023-12-01T06:23:11","slug":"donnerstag-26-oktober-2023","status":"publish","type":"post","link":"https:\/\/www.historischer-verein-niedersachsen.de\/index.php\/2023\/08\/28\/donnerstag-26-oktober-2023\/","title":{"rendered":"Donnerstag, 26. Oktober 2023"},"content":{"rendered":"<p><span style=\"font-size: 16px;\">Prof. Dr. Marian F\u00fcssel, G\u00f6ttingen<br \/>\n<\/span><\/p>\n<p><span style=\"font-size: 16px;\">Die Welt in Flammen. Hannover im Zentrum des Siebenj\u00e4hrigen Krieges (1756-1763)<br \/>\n<\/span><\/p>\n<p><span style=\"font-size: 16px;\"><strong>18:30 Uhr<\/strong> Historisches Museum am Hohen Ufer, Hannover<\/span><\/p>\n<p>&nbsp;<\/p>\n<figure id=\"attachment_1313\" aria-describedby=\"caption-attachment-1313\" style=\"width: 300px\" class=\"wp-caption aligncenter\"><img loading=\"lazy\" decoding=\"async\" class=\"size-medium wp-image-1313\" src=\"https:\/\/www.historischer-verein-niedersachsen.de\/wp-content\/uploads\/2023\/08\/Hastenbeck-Rioult-300x153.jpg\" alt=\"\" width=\"300\" height=\"153\" srcset=\"https:\/\/www.historischer-verein-niedersachsen.de\/wp-content\/uploads\/2023\/08\/Hastenbeck-Rioult-300x153.jpg 300w, https:\/\/www.historischer-verein-niedersachsen.de\/wp-content\/uploads\/2023\/08\/Hastenbeck-Rioult.jpg 600w\" sizes=\"auto, (max-width: 300px) 100vw, 300px\" \/><figcaption id=\"caption-attachment-1313\" class=\"wp-caption-text\"><span style=\"font-size: 10px;\">Gem\u00e4lde der Schlacht bei Hastenbeck am 26. Juli 1757 von Louis Edouard Rioult<\/span><\/figcaption><\/figure>\n<p>&nbsp;<\/p>\n<p><span style=\"font-size: 14px;\">Im Siebenj\u00e4hrigen Krieg kreuzten sich in Hannover zwei weitreichende Konflikte: der Streit zwischen Preu\u00dfen und \u00d6sterreich um Schlesien und die von England und Frankreich gef\u00fchrte Auseinandersetzung um koloniale Gebiete au\u00dferhalb Europas. Der Vortrag diskutiert die besondere, von der Personalunion mit Gro\u00dfbritannien gepr\u00e4gte, geopolitische Lage Hannovers als Stadt und Territorium. Besondere Aufmerksamkeit gilt den allt\u00e4glichen Kriegserfahrungen vor Ort und dem medial vermittelten Wissen der Zeitgenossen von jenem fr\u00fchmodernen Welt-Krieg.\u00a0\u00a0\u00a0\u00a0 \u00a0\u00a0\u00a0\u00a0\u00a0\u00a0\u00a0<\/span><\/p>\n","protected":false},"excerpt":{"rendered":"<p>Prof. Dr. Marian F\u00fcssel, G\u00f6ttingen Die Welt in Flammen. Hannover im Zentrum des Siebenj\u00e4hrigen Krieges (1756-1763) 18:30 Uhr Historisches Museum am Hohen Ufer, Hannover &nbsp; &nbsp; Im Siebenj\u00e4hrigen Krieg kreuzten &#8230;<\/p>\n","protected":false},"author":2,"featured_media":1313,"comment_status":"closed","ping_status":"closed","sticky":false,"template":"","format":"standard","meta":{"_crdt_document":"","footnotes":""},"categories":[3],"tags":[],"class_list":["post-1310","post","type-post","status-publish","format-standard","has-post-thumbnail","hentry","category-vortraege"],"jetpack_featured_media_url":"https:\/\/www.historischer-verein-niedersachsen.de\/wp-content\/uploads\/2023\/08\/Hastenbeck-Rioult.jpg","_links":{"self":[{"href":"https:\/\/www.historischer-verein-niedersachsen.de\/index.php\/wp-json\/wp\/v2\/posts\/1310","targetHints":{"allow":["GET"]}}],"collection":[{"href":"https:\/\/www.historischer-verein-niedersachsen.de\/index.php\/wp-json\/wp\/v2\/posts"}],"about":[{"href":"https:\/\/www.historischer-verein-niedersachsen.de\/index.php\/wp-json\/wp\/v2\/types\/post"}],"author":[{"embeddable":true,"href":"https:\/\/www.historischer-verein-niedersachsen.de\/index.php\/wp-json\/wp\/v2\/users\/2"}],"replies":[{"embeddable":true,"href":"https:\/\/www.historischer-verein-niedersachsen.de\/index.php\/wp-json\/wp\/v2\/comments?post=1310"}],"version-history":[{"count":10,"href":"https:\/\/www.historischer-verein-niedersachsen.de\/index.php\/wp-json\/wp\/v2\/posts\/1310\/revisions"}],"predecessor-version":[{"id":1400,"href":"https:\/\/www.historischer-verein-niedersachsen.de\/index.php\/wp-json\/wp\/v2\/posts\/1310\/revisions\/1400"}],"wp:featuredmedia":[{"embeddable":true,"href":"https:\/\/www.historischer-verein-niedersachsen.de\/index.php\/wp-json\/wp\/v2\/media\/1313"}],"wp:attachment":[{"href":"https:\/\/www.historischer-verein-niedersachsen.de\/index.php\/wp-json\/wp\/v2\/media?parent=1310"}],"wp:term":[{"taxonomy":"category","embeddable":true,"href":"https:\/\/www.historischer-verein-niedersachsen.de\/index.php\/wp-json\/wp\/v2\/categories?post=1310"},{"taxonomy":"post_tag","embeddable":true,"href":"https:\/\/www.historischer-verein-niedersachsen.de\/index.php\/wp-json\/wp\/v2\/tags?post=1310"}],"curies":[{"name":"wp","href":"https:\/\/api.w.org\/{rel}","templated":true}]}}