{"id":1213,"date":"2022-09-08T08:58:26","date_gmt":"2022-09-08T06:58:26","guid":{"rendered":"https:\/\/www.historischer-verein-niedersachsen.de\/?p=1213"},"modified":"2023-03-03T08:18:11","modified_gmt":"2023-03-03T07:18:11","slug":"donnerstag-02-maerz-2023","status":"publish","type":"post","link":"https:\/\/www.historischer-verein-niedersachsen.de\/index.php\/2022\/09\/08\/donnerstag-02-maerz-2023\/","title":{"rendered":"Donnerstag, 02. M\u00e4rz 2023"},"content":{"rendered":"<p><span style=\"font-size: 16px;\">Dr. Sebastian Messal, Hannover<\/span><\/p>\n<p><span style=\"font-size: 16px;\">Im Spannungsfeld der &#8222;Wikinger&#8220; \u2013 Handel, H\u00e4fen und Schifffahrt des fr\u00fchen Mittelalters im s\u00fcdlichen Ostseeraum<\/span><\/p>\n<p><span style=\"font-size: 14px;\">(gemeinsam mit dem Nieders\u00e4chsischen Landesverein f\u00fcr Urgeschichte)<\/span><\/p>\n<p><span style=\"font-size: 16px;\"><strong>18:30 Uhr<\/strong> Nieders\u00e4chsisches Landesmuseum, Willy-Brandt-Allee 5, Hannover<\/span><\/p>\n<p><span style=\"font-size: 14px;\"><strong>\u00a0<\/strong><\/span><\/p>\n<p><img loading=\"lazy\" decoding=\"async\" class=\"size-medium wp-image-1219 aligncenter\" src=\"https:\/\/www.historischer-verein-niedersachsen.de\/wp-content\/uploads\/2022\/09\/Abb.-Vortrag-Messal_Luftbild_verkleinert-300x200.jpg\" alt=\"\" width=\"300\" height=\"200\" srcset=\"https:\/\/www.historischer-verein-niedersachsen.de\/wp-content\/uploads\/2022\/09\/Abb.-Vortrag-Messal_Luftbild_verkleinert-300x200.jpg 300w, https:\/\/www.historischer-verein-niedersachsen.de\/wp-content\/uploads\/2022\/09\/Abb.-Vortrag-Messal_Luftbild_verkleinert-768x511.jpg 768w, https:\/\/www.historischer-verein-niedersachsen.de\/wp-content\/uploads\/2022\/09\/Abb.-Vortrag-Messal_Luftbild_verkleinert.jpg 1000w\" sizes=\"auto, (max-width: 300px) 100vw, 300px\" \/><\/p>\n<p>&nbsp;<\/p>\n<p><span style=\"font-size: 14px;\">\u201eWikinger\u201c waren nicht nur Krieger und Pl\u00fcnderer, sondern auch Entdecker, H\u00e4ndler und kunstfertige Handwerker. Dies zeigt sich vor allem entlang der s\u00fcdlichen Ostseek\u00fcste, wo sich seit dem 8. Jahrhundert skandinavische Bev\u00f6lkerungsgruppen neben den einheimischen slawischen St\u00e4mmen niederlie\u00dfen, Handelspl\u00e4tze gr\u00fcndeten und von dort einen weitreichenden Verkehrs-, Wirtschafts- und Kommunikationsraum erschlossen. Arch\u00e4ologische Spuren dieser \u201eWikinger\u201c finden sich in vielen Siedlungen im s\u00fcdlichen Ostseeraum und belegen, dass sie aktiv an Handel und Handwerk teilnahmen und sich mit ihren Familien in der Fremde ansiedelten. Diesen arch\u00e4ologischen Spuren soll im Rahmen des Vortrages gefolgt und die Geschichte der \u201eWikinger\u201c im s\u00fcdlichen Ostseeraum erz\u00e4hlt werden.\u00a0\u00a0\u00a0<\/span><\/p>\n","protected":false},"excerpt":{"rendered":"<p>Dr. Sebastian Messal, Hannover Im Spannungsfeld der &#8222;Wikinger&#8220; \u2013 Handel, H\u00e4fen und Schifffahrt des fr\u00fchen Mittelalters im s\u00fcdlichen Ostseeraum (gemeinsam mit dem Nieders\u00e4chsischen Landesverein f\u00fcr Urgeschichte) 18:30 Uhr Nieders\u00e4chsisches Landesmuseum, &#8230;<\/p>\n","protected":false},"author":2,"featured_media":1219,"comment_status":"closed","ping_status":"closed","sticky":false,"template":"","format":"standard","meta":{"_crdt_document":"","footnotes":""},"categories":[3],"tags":[],"class_list":["post-1213","post","type-post","status-publish","format-standard","has-post-thumbnail","hentry","category-vortraege"],"jetpack_featured_media_url":"https:\/\/www.historischer-verein-niedersachsen.de\/wp-content\/uploads\/2022\/09\/Abb.-Vortrag-Messal_Luftbild_verkleinert.jpg","_links":{"self":[{"href":"https:\/\/www.historischer-verein-niedersachsen.de\/index.php\/wp-json\/wp\/v2\/posts\/1213","targetHints":{"allow":["GET"]}}],"collection":[{"href":"https:\/\/www.historischer-verein-niedersachsen.de\/index.php\/wp-json\/wp\/v2\/posts"}],"about":[{"href":"https:\/\/www.historischer-verein-niedersachsen.de\/index.php\/wp-json\/wp\/v2\/types\/post"}],"author":[{"embeddable":true,"href":"https:\/\/www.historischer-verein-niedersachsen.de\/index.php\/wp-json\/wp\/v2\/users\/2"}],"replies":[{"embeddable":true,"href":"https:\/\/www.historischer-verein-niedersachsen.de\/index.php\/wp-json\/wp\/v2\/comments?post=1213"}],"version-history":[{"count":7,"href":"https:\/\/www.historischer-verein-niedersachsen.de\/index.php\/wp-json\/wp\/v2\/posts\/1213\/revisions"}],"predecessor-version":[{"id":1274,"href":"https:\/\/www.historischer-verein-niedersachsen.de\/index.php\/wp-json\/wp\/v2\/posts\/1213\/revisions\/1274"}],"wp:featuredmedia":[{"embeddable":true,"href":"https:\/\/www.historischer-verein-niedersachsen.de\/index.php\/wp-json\/wp\/v2\/media\/1219"}],"wp:attachment":[{"href":"https:\/\/www.historischer-verein-niedersachsen.de\/index.php\/wp-json\/wp\/v2\/media?parent=1213"}],"wp:term":[{"taxonomy":"category","embeddable":true,"href":"https:\/\/www.historischer-verein-niedersachsen.de\/index.php\/wp-json\/wp\/v2\/categories?post=1213"},{"taxonomy":"post_tag","embeddable":true,"href":"https:\/\/www.historischer-verein-niedersachsen.de\/index.php\/wp-json\/wp\/v2\/tags?post=1213"}],"curies":[{"name":"wp","href":"https:\/\/api.w.org\/{rel}","templated":true}]}}