{"id":1204,"date":"2022-09-08T08:56:49","date_gmt":"2022-09-08T06:56:49","guid":{"rendered":"https:\/\/www.historischer-verein-niedersachsen.de\/?p=1204"},"modified":"2023-01-27T08:23:29","modified_gmt":"2023-01-27T07:23:29","slug":"donnerstag-26-januar-2023","status":"publish","type":"post","link":"https:\/\/www.historischer-verein-niedersachsen.de\/index.php\/2022\/09\/08\/donnerstag-26-januar-2023\/","title":{"rendered":"Donnerstag, 26. Januar 2023"},"content":{"rendered":"<p><span style=\"font-size: 16px;\">Dr. Stefan Br\u00fcdermann, B\u00fcckeburg<\/span><\/p>\n<p><span style=\"font-size: 16px;\">Die Hildesheimer Stiftsfehde \u2013 Regionaler Krieg und Reichspolitik<\/span><\/p>\n<p><span style=\"font-size: 16px;\"><strong>18:30 Uhr<\/strong> Historisches Museum am Hohen Ufer, Hannover<\/span><\/p>\n<p>&nbsp;<\/p>\n<figure id=\"attachment_1284\" aria-describedby=\"caption-attachment-1284\" style=\"width: 300px\" class=\"wp-caption aligncenter\"><img loading=\"lazy\" decoding=\"async\" class=\"size-medium wp-image-1284\" src=\"https:\/\/www.historischer-verein-niedersachsen.de\/wp-content\/uploads\/2022\/09\/Vortrag-BruedermannHild.Stiftsfehde_Ausschnitt-300x173.jpg\" alt=\"\" width=\"300\" height=\"173\" srcset=\"https:\/\/www.historischer-verein-niedersachsen.de\/wp-content\/uploads\/2022\/09\/Vortrag-BruedermannHild.Stiftsfehde_Ausschnitt-300x173.jpg 300w, https:\/\/www.historischer-verein-niedersachsen.de\/wp-content\/uploads\/2022\/09\/Vortrag-BruedermannHild.Stiftsfehde_Ausschnitt-768x444.jpg 768w, https:\/\/www.historischer-verein-niedersachsen.de\/wp-content\/uploads\/2022\/09\/Vortrag-BruedermannHild.Stiftsfehde_Ausschnitt.jpg 800w\" sizes=\"auto, (max-width: 300px) 100vw, 300px\" \/><figcaption id=\"caption-attachment-1284\" class=\"wp-caption-text\"><span style=\"font-size: 10px;\">Chorographia der Hildesheimer Stiftsfehde (Ausschnitt), Sign.: NLA HA Kartensammlung Nr. 1\/68 m<\/span><\/figcaption><\/figure>\n<p>&nbsp;<\/p>\n<p><span style=\"font-size: 14px;\">\u00dcber den Braunschweiger Herzog Heinrich den J\u00fcngeren hei\u00dft es, er sei \u201eselten durch das Hildesheimer Stift geritten, ohne jemand zu schlagen, zu verwunden, zu fangen oder tot zu schlagen.&#8220; 1519 entstand aus einem Konflikt des Hildesheimer Bischofs mit seinem Adel ein verheerender Krieg, in den auf beiden Seiten die welfischen F\u00fcrsten eingriffen &#8211; die sogenannte \u201eHildesheimer Stiftsfehde\u201c. Der Bischof von Hildesheim siegte zwar milit\u00e4risch, musste aber dann auf kaiserlichen Druck den gr\u00f6\u00dferen Teil seines Gebietes abtreten.<\/span><\/p>\n<p><span style=\"font-size: 14px;\">Der Vortrag referiert den Verlauf des Konfliktes auf regionaler und reichspolitischer Ebene und erl\u00e4utert an einer kartografischen Darstellung des sp\u00e4ten 16. Jahrhunderts ein Beispiel politischer Propaganda der fr\u00fchen Neuzeit.<br \/>\n<\/span><\/p>\n","protected":false},"excerpt":{"rendered":"<p>Dr. Stefan Br\u00fcdermann, B\u00fcckeburg Die Hildesheimer Stiftsfehde \u2013 Regionaler Krieg und Reichspolitik 18:30 Uhr Historisches Museum am Hohen Ufer, Hannover &nbsp; &nbsp; \u00dcber den Braunschweiger Herzog Heinrich den J\u00fcngeren hei\u00dft &#8230;<\/p>\n","protected":false},"author":2,"featured_media":1284,"comment_status":"closed","ping_status":"closed","sticky":false,"template":"","format":"standard","meta":{"_crdt_document":"","footnotes":""},"categories":[3],"tags":[],"class_list":["post-1204","post","type-post","status-publish","format-standard","has-post-thumbnail","hentry","category-vortraege"],"jetpack_featured_media_url":"https:\/\/www.historischer-verein-niedersachsen.de\/wp-content\/uploads\/2022\/09\/Vortrag-BruedermannHild.Stiftsfehde_Ausschnitt.jpg","_links":{"self":[{"href":"https:\/\/www.historischer-verein-niedersachsen.de\/index.php\/wp-json\/wp\/v2\/posts\/1204","targetHints":{"allow":["GET"]}}],"collection":[{"href":"https:\/\/www.historischer-verein-niedersachsen.de\/index.php\/wp-json\/wp\/v2\/posts"}],"about":[{"href":"https:\/\/www.historischer-verein-niedersachsen.de\/index.php\/wp-json\/wp\/v2\/types\/post"}],"author":[{"embeddable":true,"href":"https:\/\/www.historischer-verein-niedersachsen.de\/index.php\/wp-json\/wp\/v2\/users\/2"}],"replies":[{"embeddable":true,"href":"https:\/\/www.historischer-verein-niedersachsen.de\/index.php\/wp-json\/wp\/v2\/comments?post=1204"}],"version-history":[{"count":11,"href":"https:\/\/www.historischer-verein-niedersachsen.de\/index.php\/wp-json\/wp\/v2\/posts\/1204\/revisions"}],"predecessor-version":[{"id":1287,"href":"https:\/\/www.historischer-verein-niedersachsen.de\/index.php\/wp-json\/wp\/v2\/posts\/1204\/revisions\/1287"}],"wp:featuredmedia":[{"embeddable":true,"href":"https:\/\/www.historischer-verein-niedersachsen.de\/index.php\/wp-json\/wp\/v2\/media\/1284"}],"wp:attachment":[{"href":"https:\/\/www.historischer-verein-niedersachsen.de\/index.php\/wp-json\/wp\/v2\/media?parent=1204"}],"wp:term":[{"taxonomy":"category","embeddable":true,"href":"https:\/\/www.historischer-verein-niedersachsen.de\/index.php\/wp-json\/wp\/v2\/categories?post=1204"},{"taxonomy":"post_tag","embeddable":true,"href":"https:\/\/www.historischer-verein-niedersachsen.de\/index.php\/wp-json\/wp\/v2\/tags?post=1204"}],"curies":[{"name":"wp","href":"https:\/\/api.w.org\/{rel}","templated":true}]}}