{"id":1192,"date":"2022-09-08T08:52:57","date_gmt":"2022-09-08T06:52:57","guid":{"rendered":"https:\/\/www.historischer-verein-niedersachsen.de\/?p=1192"},"modified":"2023-01-27T08:24:00","modified_gmt":"2023-01-27T07:24:00","slug":"donnerstag-24-november-2022","status":"publish","type":"post","link":"https:\/\/www.historischer-verein-niedersachsen.de\/index.php\/2022\/09\/08\/donnerstag-24-november-2022\/","title":{"rendered":"Donnerstag, 24. November 2022"},"content":{"rendered":"<p><span style=\"font-size: 16px;\">Dr. Nicolas R\u00fcgge, Hannover<\/span><\/p>\n<p><span style=\"font-size: 16px;\">&#8222;Praktische Resultate&#8220; statt &#8222;Prinzipien&#8220;? Die Revolution von 1848 im K\u00f6nigreich Hannover und der Innenminister Johann Carl Bertram St\u00fcve<\/span><\/p>\n<p><span style=\"font-size: 16px;\"><strong>18:30 Uhr<\/strong> Historisches Museum am Hohen Ufer, Hannover<\/span><\/p>\n<p><span style=\"font-size: 14px;\"><strong>\u00a0<\/strong><\/span><\/p>\n<figure id=\"attachment_1196\" aria-describedby=\"caption-attachment-1196\" style=\"width: 300px\" class=\"wp-caption aligncenter\"><img loading=\"lazy\" decoding=\"async\" class=\"size-medium wp-image-1196\" src=\"https:\/\/www.historischer-verein-niedersachsen.de\/wp-content\/uploads\/2022\/09\/stueve-johann-carl-bertram_verkleinert-300x201.jpg\" alt=\"\" width=\"300\" height=\"201\" srcset=\"https:\/\/www.historischer-verein-niedersachsen.de\/wp-content\/uploads\/2022\/09\/stueve-johann-carl-bertram_verkleinert-300x201.jpg 300w, https:\/\/www.historischer-verein-niedersachsen.de\/wp-content\/uploads\/2022\/09\/stueve-johann-carl-bertram_verkleinert.jpg 700w\" sizes=\"auto, (max-width: 300px) 100vw, 300px\" \/><figcaption id=\"caption-attachment-1196\" class=\"wp-caption-text\"><span style=\"font-size: 10px;\">Johann Carl Bertram St\u00fcve (Kulturhistorisches Museum Osnabr\u00fcck &#8211; Bildmappe)<\/span><\/figcaption><\/figure>\n<p>&nbsp;<\/p>\n<p><span style=\"font-size: 14px;\">\u00c4hnlich wie in anderen deutschen Bundesstaaten erhielt auch im K\u00f6nigreich Hannover 1848 Ministerverantwortung, wer breites Vertrauen genoss und geeignet schien, die \u00f6ffentlichen Forderungen in geregelte Bahnen zu lenken. Daf\u00fcr kam der Osnabr\u00fccker B\u00fcrgermeister Johann Carl Bertram St\u00fcve als f\u00fchrender Oppositioneller und zugleich in mancher Hinsicht konservativer Jurist hervorragend in Frage. Ihm gelang eine vergleichsweise lange und erfolgreiche Regierungszeit, in welcher er sich auf die praktische Wirksamkeit der Ma\u00dfnahmen in Hannover konzentrierte. Nach dem Scheitern der revolution\u00e4ren Bestrebungen auf der Ebene des Deutschen Bundes stand allerdings auch das St\u00fcve\u2019sche Reformwerk wieder in Frage.<\/span><\/p>\n","protected":false},"excerpt":{"rendered":"<p>Dr. Nicolas R\u00fcgge, Hannover &#8222;Praktische Resultate&#8220; statt &#8222;Prinzipien&#8220;? Die Revolution von 1848 im K\u00f6nigreich Hannover und der Innenminister Johann Carl Bertram St\u00fcve 18:30 Uhr Historisches Museum am Hohen Ufer, Hannover &#8230;<\/p>\n","protected":false},"author":2,"featured_media":1196,"comment_status":"closed","ping_status":"closed","sticky":false,"template":"","format":"standard","meta":{"_crdt_document":"","footnotes":""},"categories":[3],"tags":[],"class_list":["post-1192","post","type-post","status-publish","format-standard","has-post-thumbnail","hentry","category-vortraege"],"jetpack_featured_media_url":"https:\/\/www.historischer-verein-niedersachsen.de\/wp-content\/uploads\/2022\/09\/stueve-johann-carl-bertram_verkleinert.jpg","_links":{"self":[{"href":"https:\/\/www.historischer-verein-niedersachsen.de\/index.php\/wp-json\/wp\/v2\/posts\/1192","targetHints":{"allow":["GET"]}}],"collection":[{"href":"https:\/\/www.historischer-verein-niedersachsen.de\/index.php\/wp-json\/wp\/v2\/posts"}],"about":[{"href":"https:\/\/www.historischer-verein-niedersachsen.de\/index.php\/wp-json\/wp\/v2\/types\/post"}],"author":[{"embeddable":true,"href":"https:\/\/www.historischer-verein-niedersachsen.de\/index.php\/wp-json\/wp\/v2\/users\/2"}],"replies":[{"embeddable":true,"href":"https:\/\/www.historischer-verein-niedersachsen.de\/index.php\/wp-json\/wp\/v2\/comments?post=1192"}],"version-history":[{"count":9,"href":"https:\/\/www.historischer-verein-niedersachsen.de\/index.php\/wp-json\/wp\/v2\/posts\/1192\/revisions"}],"predecessor-version":[{"id":1271,"href":"https:\/\/www.historischer-verein-niedersachsen.de\/index.php\/wp-json\/wp\/v2\/posts\/1192\/revisions\/1271"}],"wp:featuredmedia":[{"embeddable":true,"href":"https:\/\/www.historischer-verein-niedersachsen.de\/index.php\/wp-json\/wp\/v2\/media\/1196"}],"wp:attachment":[{"href":"https:\/\/www.historischer-verein-niedersachsen.de\/index.php\/wp-json\/wp\/v2\/media?parent=1192"}],"wp:term":[{"taxonomy":"category","embeddable":true,"href":"https:\/\/www.historischer-verein-niedersachsen.de\/index.php\/wp-json\/wp\/v2\/categories?post=1192"},{"taxonomy":"post_tag","embeddable":true,"href":"https:\/\/www.historischer-verein-niedersachsen.de\/index.php\/wp-json\/wp\/v2\/tags?post=1192"}],"curies":[{"name":"wp","href":"https:\/\/api.w.org\/{rel}","templated":true}]}}