{"id":1142,"date":"2022-04-19T10:16:22","date_gmt":"2022-04-19T08:16:22","guid":{"rendered":"https:\/\/www.historischer-verein-niedersachsen.de\/?p=1142"},"modified":"2022-09-08T09:22:13","modified_gmt":"2022-09-08T07:22:13","slug":"video-vortrag-auf-youtube-75-jahre-land-niedersachsen-76-jahre-kriegsende","status":"publish","type":"post","link":"https:\/\/www.historischer-verein-niedersachsen.de\/index.php\/2022\/04\/19\/video-vortrag-auf-youtube-75-jahre-land-niedersachsen-76-jahre-kriegsende\/","title":{"rendered":"Video-Vortrag auf YouTube: 75 Jahre Land Niedersachsen &#8211; 76 Jahre Kriegsende"},"content":{"rendered":"<p><span style=\"font-size: 16px;\"><strong>Prof. Dr. Carl-Hans Hauptmeyer (Hannover): <\/strong><\/span><span style=\"font-size: 16px;\"><strong>75 Jahre Land Niedersachsen &#8211; 76 Jahre Kriegsende. Keine &#8222;Stunde Null&#8220; &#8211; doch ein Neuanfang.<\/strong><br \/>\n<\/span><\/p>\n<p>&nbsp;<\/p>\n<p><img loading=\"lazy\" decoding=\"async\" class=\"alignnone size-medium wp-image-1144\" src=\"https:\/\/www.historischer-verein-niedersachsen.de\/wp-content\/uploads\/2022\/04\/Hauptmeyer_YouTube-Video-300x169.jpg\" alt=\"\" width=\"300\" height=\"169\" srcset=\"https:\/\/www.historischer-verein-niedersachsen.de\/wp-content\/uploads\/2022\/04\/Hauptmeyer_YouTube-Video-300x169.jpg 300w, https:\/\/www.historischer-verein-niedersachsen.de\/wp-content\/uploads\/2022\/04\/Hauptmeyer_YouTube-Video-768x432.jpg 768w, https:\/\/www.historischer-verein-niedersachsen.de\/wp-content\/uploads\/2022\/04\/Hauptmeyer_YouTube-Video.jpg 854w\" sizes=\"auto, (max-width: 300px) 100vw, 300px\" \/><\/p>\n<p>&nbsp;<\/p>\n<p><span style=\"font-size: 14px;\">Unter der \u00dcberschrift &#8222;Keine &#8218;Stunde Null&#8216; &#8211; doch ein Neuanfang&#8220; thematisiert der Vortrag die schwierigen Jahre nach dem Ende des Zweiten Weltkriegs in dem am 1. November 1946 neu gegr\u00fcndeten Bundesland Niedersachsen. Nach einem kurzen R\u00fcckblick auf die historischen Wurzeln &#8222;Niedersachsens&#8220; geht er abschlie\u00dfend der Frage nach, welche Lehren sich aus der NS-Zeit f\u00fcr die Zukunft ziehen lassen.<\/span><\/p>\n<p><a href=\"https:\/\/youtu.be\/X6cXTZMhXjw\" target=\"_blank\" rel=\"noopener\">Vortrag von Prof. Dr. Carl-Hans Hauptmeyer<\/a><\/p>\n","protected":false},"excerpt":{"rendered":"<p>Prof. Dr. Carl-Hans Hauptmeyer (Hannover): 75 Jahre Land Niedersachsen &#8211; 76 Jahre Kriegsende. Keine &#8222;Stunde Null&#8220; &#8211; doch ein Neuanfang. &nbsp; &nbsp; Unter der \u00dcberschrift &#8222;Keine &#8218;Stunde Null&#8216; &#8211; doch &#8230;<\/p>\n","protected":false},"author":2,"featured_media":1144,"comment_status":"closed","ping_status":"closed","sticky":false,"template":"","format":"standard","meta":{"_crdt_document":"","footnotes":""},"categories":[3],"tags":[],"class_list":["post-1142","post","type-post","status-publish","format-standard","has-post-thumbnail","hentry","category-vortraege"],"jetpack_featured_media_url":"https:\/\/www.historischer-verein-niedersachsen.de\/wp-content\/uploads\/2022\/04\/Hauptmeyer_YouTube-Video.jpg","_links":{"self":[{"href":"https:\/\/www.historischer-verein-niedersachsen.de\/index.php\/wp-json\/wp\/v2\/posts\/1142","targetHints":{"allow":["GET"]}}],"collection":[{"href":"https:\/\/www.historischer-verein-niedersachsen.de\/index.php\/wp-json\/wp\/v2\/posts"}],"about":[{"href":"https:\/\/www.historischer-verein-niedersachsen.de\/index.php\/wp-json\/wp\/v2\/types\/post"}],"author":[{"embeddable":true,"href":"https:\/\/www.historischer-verein-niedersachsen.de\/index.php\/wp-json\/wp\/v2\/users\/2"}],"replies":[{"embeddable":true,"href":"https:\/\/www.historischer-verein-niedersachsen.de\/index.php\/wp-json\/wp\/v2\/comments?post=1142"}],"version-history":[{"count":4,"href":"https:\/\/www.historischer-verein-niedersachsen.de\/index.php\/wp-json\/wp\/v2\/posts\/1142\/revisions"}],"predecessor-version":[{"id":1147,"href":"https:\/\/www.historischer-verein-niedersachsen.de\/index.php\/wp-json\/wp\/v2\/posts\/1142\/revisions\/1147"}],"wp:featuredmedia":[{"embeddable":true,"href":"https:\/\/www.historischer-verein-niedersachsen.de\/index.php\/wp-json\/wp\/v2\/media\/1144"}],"wp:attachment":[{"href":"https:\/\/www.historischer-verein-niedersachsen.de\/index.php\/wp-json\/wp\/v2\/media?parent=1142"}],"wp:term":[{"taxonomy":"category","embeddable":true,"href":"https:\/\/www.historischer-verein-niedersachsen.de\/index.php\/wp-json\/wp\/v2\/categories?post=1142"},{"taxonomy":"post_tag","embeddable":true,"href":"https:\/\/www.historischer-verein-niedersachsen.de\/index.php\/wp-json\/wp\/v2\/tags?post=1142"}],"curies":[{"name":"wp","href":"https:\/\/api.w.org\/{rel}","templated":true}]}}