{"id":1067,"date":"2021-10-25T13:35:41","date_gmt":"2021-10-25T11:35:41","guid":{"rendered":"https:\/\/www.historischer-verein-niedersachsen.de\/?p=1067"},"modified":"2022-04-29T10:58:33","modified_gmt":"2022-04-29T08:58:33","slug":"donnerstag-28-april-2022","status":"publish","type":"post","link":"https:\/\/www.historischer-verein-niedersachsen.de\/index.php\/2021\/10\/25\/donnerstag-28-april-2022\/","title":{"rendered":"Donnerstag, 28. April 2022"},"content":{"rendered":"<p style=\"text-align: left;\"><span style=\"font-size: 16px;\">Prof. Dr. Klaus Niehr<\/span><\/p>\n<p style=\"text-align: left;\"><span style=\"font-size: 16px;\">Sehnsuchtsorte der Sophie von der Pfalz<br \/>\n<\/span><\/p>\n<p style=\"text-align: left;\"><span style=\"font-size: 16px;\"><strong>18:30 Uhr<\/strong> Historisches Museum am Hohen Ufer, Hannover<br \/>\n<\/span><\/p>\n<p style=\"text-align: left;\"><span style=\"font-size: 16px;\"><strong>Wichtig: Eine Teilnahme ist nur nach vorheriger Anmeldung in der Gesch\u00e4ftsstelle m\u00f6glich (Tel.: 0511-120 6608)<\/strong><\/span><\/p>\n<p><strong>Im Historischen Museum gilt weiterhin die Maskenpflicht!<\/strong><\/p>\n<p>&nbsp;<\/p>\n<figure id=\"attachment_636\" aria-describedby=\"caption-attachment-636\" style=\"width: 300px\" class=\"wp-caption alignleft\"><img loading=\"lazy\" decoding=\"async\" class=\"size-medium wp-image-636\" src=\"https:\/\/www.historischer-verein-niedersachsen.de\/wp-content\/uploads\/2019\/08\/niehr-osnabrueck_schloss_luftbild_verkleinert-300x195.jpg\" alt=\"\" width=\"300\" height=\"195\" srcset=\"https:\/\/www.historischer-verein-niedersachsen.de\/wp-content\/uploads\/2019\/08\/niehr-osnabrueck_schloss_luftbild_verkleinert-300x195.jpg 300w, https:\/\/www.historischer-verein-niedersachsen.de\/wp-content\/uploads\/2019\/08\/niehr-osnabrueck_schloss_luftbild_verkleinert-768x500.jpg 768w, https:\/\/www.historischer-verein-niedersachsen.de\/wp-content\/uploads\/2019\/08\/niehr-osnabrueck_schloss_luftbild_verkleinert.jpg 1000w\" sizes=\"auto, (max-width: 300px) 100vw, 300px\" \/><figcaption id=\"caption-attachment-636\" class=\"wp-caption-text\"><span style=\"font-size: 14px;\"><span style=\"font-size: 10px;\">Schloss Osnabr\u00fcck, Gesamtansicht Geb\u00e4ude 11, 12, 13, 14 (mit frdl. Genehmigung der Universit\u00e4t Osnabr\u00fcck)<\/span><br \/><\/span><\/figcaption><\/figure>\n<p>&nbsp;<\/p>\n<p>&nbsp;<\/p>\n<p>&nbsp;<\/p>\n<p>&nbsp;<\/p>\n<p>&nbsp;<\/p>\n<p>&nbsp;<\/p>\n<p>&nbsp;<\/p>\n<p><span style=\"font-size: 14px;\">Im Zentrum stehen Biographie und Gedankenwelt der Herzogin Sophie, rekonstruiert anhand der von ihr bewohnten und von ihr ma\u00dfgeblich mitgestalteten Residenzen. Ausgehend von den sieben Hauptstationen ihres Lebens \u2013 Den Haag\/Rhenen, Heidelberg, Hannover, Iburg, Osnabr\u00fcck, Hannover, Herrenhausen \u2013, sollen die Schloss- und Gartenanlagen an diesen Orten als Dokumente sinnlicher Erfahrung und h\u00f6fischen Selbstbewusstseins befragt werden. Dabei steht Sophies M\u00e4zenatentum und das ihres Mannes ab ca. 1660 einerseits in Konkurrenz zu den welfischen Residenzen in Wolfenb\u00fcttel, Celle und Salzdahlum, andererseits zu G\u00e4rten, Schl\u00f6ssern und Villen in Italien, Frankreich und den Niederlanden, welche die Herzogin aus eigener Anschauung kannte und sch\u00e4tzte.<\/span><\/p>\n<p>&nbsp;<\/p>\n<p><span style=\"font-size: 14px;\">Nach dem Vortrag findet die Mitgliederversammlung statt.<\/span><\/p>\n","protected":false},"excerpt":{"rendered":"<p>Prof. Dr. Klaus Niehr Sehnsuchtsorte der Sophie von der Pfalz 18:30 Uhr Historisches Museum am Hohen Ufer, Hannover Wichtig: Eine Teilnahme ist nur nach vorheriger Anmeldung in der Gesch\u00e4ftsstelle m\u00f6glich &#8230;<\/p>\n","protected":false},"author":2,"featured_media":639,"comment_status":"closed","ping_status":"closed","sticky":false,"template":"","format":"standard","meta":{"_crdt_document":"","footnotes":""},"categories":[3],"tags":[],"class_list":["post-1067","post","type-post","status-publish","format-standard","has-post-thumbnail","hentry","category-vortraege"],"jetpack_featured_media_url":"https:\/\/www.historischer-verein-niedersachsen.de\/wp-content\/uploads\/2019\/08\/niehr-osnabrueck_schloss_luftbild2.jpg","_links":{"self":[{"href":"https:\/\/www.historischer-verein-niedersachsen.de\/index.php\/wp-json\/wp\/v2\/posts\/1067","targetHints":{"allow":["GET"]}}],"collection":[{"href":"https:\/\/www.historischer-verein-niedersachsen.de\/index.php\/wp-json\/wp\/v2\/posts"}],"about":[{"href":"https:\/\/www.historischer-verein-niedersachsen.de\/index.php\/wp-json\/wp\/v2\/types\/post"}],"author":[{"embeddable":true,"href":"https:\/\/www.historischer-verein-niedersachsen.de\/index.php\/wp-json\/wp\/v2\/users\/2"}],"replies":[{"embeddable":true,"href":"https:\/\/www.historischer-verein-niedersachsen.de\/index.php\/wp-json\/wp\/v2\/comments?post=1067"}],"version-history":[{"count":10,"href":"https:\/\/www.historischer-verein-niedersachsen.de\/index.php\/wp-json\/wp\/v2\/posts\/1067\/revisions"}],"predecessor-version":[{"id":1148,"href":"https:\/\/www.historischer-verein-niedersachsen.de\/index.php\/wp-json\/wp\/v2\/posts\/1067\/revisions\/1148"}],"wp:featuredmedia":[{"embeddable":true,"href":"https:\/\/www.historischer-verein-niedersachsen.de\/index.php\/wp-json\/wp\/v2\/media\/639"}],"wp:attachment":[{"href":"https:\/\/www.historischer-verein-niedersachsen.de\/index.php\/wp-json\/wp\/v2\/media?parent=1067"}],"wp:term":[{"taxonomy":"category","embeddable":true,"href":"https:\/\/www.historischer-verein-niedersachsen.de\/index.php\/wp-json\/wp\/v2\/categories?post=1067"},{"taxonomy":"post_tag","embeddable":true,"href":"https:\/\/www.historischer-verein-niedersachsen.de\/index.php\/wp-json\/wp\/v2\/tags?post=1067"}],"curies":[{"name":"wp","href":"https:\/\/api.w.org\/{rel}","templated":true}]}}