{"id":1056,"date":"2021-10-25T13:34:04","date_gmt":"2021-10-25T11:34:04","guid":{"rendered":"https:\/\/www.historischer-verein-niedersachsen.de\/?p=1056"},"modified":"2022-04-29T10:58:15","modified_gmt":"2022-04-29T08:58:15","slug":"donnerstag-31-maerz-2022","status":"publish","type":"post","link":"https:\/\/www.historischer-verein-niedersachsen.de\/index.php\/2021\/10\/25\/donnerstag-31-maerz-2022\/","title":{"rendered":"Donnerstag, 31. M\u00e4rz 2022"},"content":{"rendered":"<p style=\"text-align: left;\"><span style=\"font-size: 16px;\">Prof. Dr. Arnd Reitemeier, G\u00f6ttingen<\/span><\/p>\n<p style=\"text-align: left;\"><span style=\"font-size: 16px;\">Naturschutz &#8211; eine Erfindung des 16. Jahrhunderts!?<\/span><\/p>\n<p style=\"text-align: left;\"><span style=\"font-size: 16px;\"><strong>18:30 Uhr<\/strong> Nieders\u00e4chsisches Landesarchiv, Am Archiv 1, Hannover<\/span><\/p>\n<p style=\"text-align: left;\"><span style=\"font-size: 16px;\"><strong>Wichtig: Eine Teilnahme ist nur nach vorheriger Anmeldung in der Gesch\u00e4ftsstelle m\u00f6glich (Tel.: 0511-120 6608)<br \/>\n<\/strong><\/span><\/p>\n<p><em><strong><span style=\"font-size: 14px;\">oder<\/span><\/strong><\/em><\/p>\n<p><span style=\"font-size: 16px;\"><strong>18:30 Uhr<\/strong> <strong>Online \u00fcber Cisco Webex<\/strong><\/span><\/p>\n<p><span style=\"font-size: 16px;\"><strong><a href=\"https:\/\/nds-meeting.webex.com\/nds-meeting\/j.php?MTID=m5d716802662a7fccbe3a74a23d3171ca\" target=\"_blank\" rel=\"noopener\">Online-Teilnahme am Vortrag<\/a><br \/>\n<\/strong><\/span><\/p>\n<p><span style=\"font-size: 16px;\"><strong>\u00a0(f\u00fcr die Online-Teilnahme ist keine vorherige Anmeldung erforderlich!)<br \/>\n<\/strong><\/span><\/p>\n<p>Beim Klicken des Zugangslinks \u00f6ffnet sich die Webex-Anwendung im Browser und es erscheint ein gr\u00fcner Button mit der Aufschrift \u201eDem Meeting beitreten\u201c. Nach bet\u00e4tigen des Buttons wird der Gast aufgefordert, einen Namen, seine E-Mail-Adresse und die angezeigten Zeichen einzugeben.<\/p>\n<p>Danach den Button \u201eAls Gast beitreten\u201c bet\u00e4tigen und schon sind Sie in der Konferenz zum Vortrag.<\/p>\n<p>&nbsp;<\/p>\n<figure id=\"attachment_1060\" aria-describedby=\"caption-attachment-1060\" style=\"width: 300px\" class=\"wp-caption alignleft\"><img loading=\"lazy\" decoding=\"async\" class=\"size-medium wp-image-1060\" src=\"https:\/\/www.historischer-verein-niedersachsen.de\/wp-content\/uploads\/2021\/10\/Pieter_Bruegel_der-Aeltere_Die-Jaeger-im-Schnee_1565_Vortrag-Reitemeier_verkleinert-300x213.jpg\" alt=\"\" width=\"300\" height=\"213\" srcset=\"https:\/\/www.historischer-verein-niedersachsen.de\/wp-content\/uploads\/2021\/10\/Pieter_Bruegel_der-Aeltere_Die-Jaeger-im-Schnee_1565_Vortrag-Reitemeier_verkleinert-300x213.jpg 300w, https:\/\/www.historischer-verein-niedersachsen.de\/wp-content\/uploads\/2021\/10\/Pieter_Bruegel_der-Aeltere_Die-Jaeger-im-Schnee_1565_Vortrag-Reitemeier_verkleinert.jpg 600w\" sizes=\"auto, (max-width: 300px) 100vw, 300px\" \/><figcaption id=\"caption-attachment-1060\" class=\"wp-caption-text\"><span style=\"font-size: 10px;\">Die J\u00e4ger im Schnee (1565), Pieter Bruegel der \u00c4ltere<\/span><\/figcaption><\/figure>\n<p>&nbsp;<\/p>\n<p>&nbsp;<\/p>\n<p>&nbsp;<\/p>\n<p>&nbsp;<\/p>\n<p>&nbsp;<\/p>\n<p>&nbsp;<\/p>\n<p>&nbsp;<\/p>\n<p>&nbsp;<\/p>\n<p><span style=\"font-size: 14px;\">Im Verlauf des 16. Jahrhunderts \u00e4nderte sich das Klima \u2013 es mehrten sich die Wetterextreme, es wurde deutlich k\u00e4lter und nasser und in Norddeutschland wie in den Niederlanden lag teilweise wochenlang Schnee.<br \/>\n<\/span><span style=\"font-size: 14px;\">In derselben Zeit erlie\u00dfen die Obrigkeiten zunehmend mehr Gesetze und Verordnungen, in denen das Schlagen von B\u00e4umen reglementiert und Aufforstungen gefordert wurden, in denen Fischzucht gesch\u00fctzt und Tiere unter Schutz gestellt wurden. Hierbei gingen manche St\u00e4dte und F\u00fcrsten in Norddeutschland besonders weit. Es fragt sich, ob in diesen Erlassen der Beginn des Naturschutzes zu sehen ist. Wenn aber nicht die Natur im Zentrum stand, dann gilt es die Interessen und Ziele der Beteiligten zu untersuchen \u2013 und ob die Gesetze wirksam waren (oder nicht).<\/span><\/p>\n","protected":false},"excerpt":{"rendered":"<p>Prof. Dr. Arnd Reitemeier, G\u00f6ttingen Naturschutz &#8211; eine Erfindung des 16. Jahrhunderts!? 18:30 Uhr Nieders\u00e4chsisches Landesarchiv, Am Archiv 1, Hannover Wichtig: Eine Teilnahme ist nur nach vorheriger Anmeldung in der &#8230;<\/p>\n","protected":false},"author":2,"featured_media":1060,"comment_status":"closed","ping_status":"closed","sticky":false,"template":"","format":"standard","meta":{"_crdt_document":"","footnotes":""},"categories":[3],"tags":[],"class_list":["post-1056","post","type-post","status-publish","format-standard","has-post-thumbnail","hentry","category-vortraege"],"jetpack_featured_media_url":"https:\/\/www.historischer-verein-niedersachsen.de\/wp-content\/uploads\/2021\/10\/Pieter_Bruegel_der-Aeltere_Die-Jaeger-im-Schnee_1565_Vortrag-Reitemeier_verkleinert.jpg","_links":{"self":[{"href":"https:\/\/www.historischer-verein-niedersachsen.de\/index.php\/wp-json\/wp\/v2\/posts\/1056","targetHints":{"allow":["GET"]}}],"collection":[{"href":"https:\/\/www.historischer-verein-niedersachsen.de\/index.php\/wp-json\/wp\/v2\/posts"}],"about":[{"href":"https:\/\/www.historischer-verein-niedersachsen.de\/index.php\/wp-json\/wp\/v2\/types\/post"}],"author":[{"embeddable":true,"href":"https:\/\/www.historischer-verein-niedersachsen.de\/index.php\/wp-json\/wp\/v2\/users\/2"}],"replies":[{"embeddable":true,"href":"https:\/\/www.historischer-verein-niedersachsen.de\/index.php\/wp-json\/wp\/v2\/comments?post=1056"}],"version-history":[{"count":11,"href":"https:\/\/www.historischer-verein-niedersachsen.de\/index.php\/wp-json\/wp\/v2\/posts\/1056\/revisions"}],"predecessor-version":[{"id":1139,"href":"https:\/\/www.historischer-verein-niedersachsen.de\/index.php\/wp-json\/wp\/v2\/posts\/1056\/revisions\/1139"}],"wp:featuredmedia":[{"embeddable":true,"href":"https:\/\/www.historischer-verein-niedersachsen.de\/index.php\/wp-json\/wp\/v2\/media\/1060"}],"wp:attachment":[{"href":"https:\/\/www.historischer-verein-niedersachsen.de\/index.php\/wp-json\/wp\/v2\/media?parent=1056"}],"wp:term":[{"taxonomy":"category","embeddable":true,"href":"https:\/\/www.historischer-verein-niedersachsen.de\/index.php\/wp-json\/wp\/v2\/categories?post=1056"},{"taxonomy":"post_tag","embeddable":true,"href":"https:\/\/www.historischer-verein-niedersachsen.de\/index.php\/wp-json\/wp\/v2\/tags?post=1056"}],"curies":[{"name":"wp","href":"https:\/\/api.w.org\/{rel}","templated":true}]}}