{"id":1052,"date":"2021-10-25T13:33:27","date_gmt":"2021-10-25T11:33:27","guid":{"rendered":"https:\/\/www.historischer-verein-niedersachsen.de\/?p=1052"},"modified":"2022-02-25T07:36:04","modified_gmt":"2022-02-25T06:36:04","slug":"donnerstag-24-februar-2022","status":"publish","type":"post","link":"https:\/\/www.historischer-verein-niedersachsen.de\/index.php\/2021\/10\/25\/donnerstag-24-februar-2022\/","title":{"rendered":"Donnerstag, 24. Februar 2022 &#8211; Vortrag f\u00e4llt aus!"},"content":{"rendered":"<p><span style=\"font-size: 16px;\">Arne Homann M.A., Salzgitter<\/span><\/p>\n<p><span style=\"font-size: 16px;\">Die Schlacht bei Lutter am Barenberge 1626<\/span><\/p>\n<p><span style=\"font-size: 14px;\">(gemeinsam mit dem Nieders\u00e4chsischen Landesverein f\u00fcr Urgeschichte)<\/span><\/p>\n<p><strong><span style=\"font-size: 16px;\">Der geplante Vortrag f\u00e4llt aus!<\/span><br \/>\n<\/strong><\/p>\n<p><strong>\u00a0<\/strong><\/p>\n<p>&nbsp;<\/p>\n<figure id=\"attachment_778\" aria-describedby=\"caption-attachment-778\" style=\"width: 300px\" class=\"wp-caption alignleft\"><img loading=\"lazy\" decoding=\"async\" class=\"size-medium wp-image-778\" src=\"https:\/\/www.historischer-verein-niedersachsen.de\/wp-content\/uploads\/2020\/10\/Lutter_Schlacht_Bild-1-300x225.jpg\" alt=\"\" width=\"300\" height=\"225\" srcset=\"https:\/\/www.historischer-verein-niedersachsen.de\/wp-content\/uploads\/2020\/10\/Lutter_Schlacht_Bild-1-300x225.jpg 300w, https:\/\/www.historischer-verein-niedersachsen.de\/wp-content\/uploads\/2020\/10\/Lutter_Schlacht_Bild-1-768x577.jpg 768w, https:\/\/www.historischer-verein-niedersachsen.de\/wp-content\/uploads\/2020\/10\/Lutter_Schlacht_Bild-1.jpg 852w\" sizes=\"auto, (max-width: 300px) 100vw, 300px\" \/><figcaption id=\"caption-attachment-778\" class=\"wp-caption-text\"><span style=\"font-size: 10px;\">Die Schlacht bei Lutter<\/span><\/figcaption><\/figure>\n<p>&nbsp;<\/p>\n<p>&nbsp;<\/p>\n<p>&nbsp;<\/p>\n<p>&nbsp;<\/p>\n<p>&nbsp;<\/p>\n<p>&nbsp;<\/p>\n<p>&nbsp;<\/p>\n<p>&nbsp;<\/p>\n<p><span style=\"font-size: 14px;\">1626 trafen, etwa 10 Kilometer s\u00fcdwestlich von der heutigen Stadt Salzgitter, das Heer der Katholischen Liga (unter Tilly) und die verb\u00fcndeten Heere des Nieders\u00e4chsischen Kreises und D\u00e4nemarks unter K\u00f6nig Christian IV. in einer der gr\u00f6\u00dften und blutigsten Schlachten des Drei\u00dfigj\u00e4hrigen Krieges aufeinander. Die Schlacht beendete den d\u00e4nisch-nieders\u00e4chsischen Abschnitt des Drei\u00dfigj\u00e4hrigen Krieges. Lange war der Ort der Schlacht nur vage bekannt, jedoch konnten arch\u00e4ologische Untersuchungen in den letzten Jahren die Lage des Schlachtfeldes einengen. Der Vortrag berichtet \u00fcber neue Forschungen zur Schlacht, anhand derer manches Detail der historischen \u00dcberlieferung neu betrachtet werden muss.<\/span><\/p>\n","protected":false},"excerpt":{"rendered":"<p>Arne Homann M.A., Salzgitter Die Schlacht bei Lutter am Barenberge 1626 (gemeinsam mit dem Nieders\u00e4chsischen Landesverein f\u00fcr Urgeschichte) Der geplante Vortrag f\u00e4llt aus! \u00a0 &nbsp; &nbsp; &nbsp; &nbsp; &nbsp; &nbsp; &#8230;<\/p>\n","protected":false},"author":2,"featured_media":778,"comment_status":"closed","ping_status":"closed","sticky":false,"template":"","format":"standard","meta":{"_crdt_document":"","footnotes":""},"categories":[3],"tags":[],"class_list":["post-1052","post","type-post","status-publish","format-standard","has-post-thumbnail","hentry","category-vortraege"],"jetpack_featured_media_url":"https:\/\/www.historischer-verein-niedersachsen.de\/wp-content\/uploads\/2020\/10\/Lutter_Schlacht_Bild-1.jpg","_links":{"self":[{"href":"https:\/\/www.historischer-verein-niedersachsen.de\/index.php\/wp-json\/wp\/v2\/posts\/1052","targetHints":{"allow":["GET"]}}],"collection":[{"href":"https:\/\/www.historischer-verein-niedersachsen.de\/index.php\/wp-json\/wp\/v2\/posts"}],"about":[{"href":"https:\/\/www.historischer-verein-niedersachsen.de\/index.php\/wp-json\/wp\/v2\/types\/post"}],"author":[{"embeddable":true,"href":"https:\/\/www.historischer-verein-niedersachsen.de\/index.php\/wp-json\/wp\/v2\/users\/2"}],"replies":[{"embeddable":true,"href":"https:\/\/www.historischer-verein-niedersachsen.de\/index.php\/wp-json\/wp\/v2\/comments?post=1052"}],"version-history":[{"count":12,"href":"https:\/\/www.historischer-verein-niedersachsen.de\/index.php\/wp-json\/wp\/v2\/posts\/1052\/revisions"}],"predecessor-version":[{"id":1133,"href":"https:\/\/www.historischer-verein-niedersachsen.de\/index.php\/wp-json\/wp\/v2\/posts\/1052\/revisions\/1133"}],"wp:featuredmedia":[{"embeddable":true,"href":"https:\/\/www.historischer-verein-niedersachsen.de\/index.php\/wp-json\/wp\/v2\/media\/778"}],"wp:attachment":[{"href":"https:\/\/www.historischer-verein-niedersachsen.de\/index.php\/wp-json\/wp\/v2\/media?parent=1052"}],"wp:term":[{"taxonomy":"category","embeddable":true,"href":"https:\/\/www.historischer-verein-niedersachsen.de\/index.php\/wp-json\/wp\/v2\/categories?post=1052"},{"taxonomy":"post_tag","embeddable":true,"href":"https:\/\/www.historischer-verein-niedersachsen.de\/index.php\/wp-json\/wp\/v2\/tags?post=1052"}],"curies":[{"name":"wp","href":"https:\/\/api.w.org\/{rel}","templated":true}]}}