{"id":1034,"date":"2021-10-25T13:32:14","date_gmt":"2021-10-25T11:32:14","guid":{"rendered":"https:\/\/www.historischer-verein-niedersachsen.de\/?p=1034"},"modified":"2022-01-28T08:07:00","modified_gmt":"2022-01-28T07:07:00","slug":"donnerstag-27-januar-2022","status":"publish","type":"post","link":"https:\/\/www.historischer-verein-niedersachsen.de\/index.php\/2021\/10\/25\/donnerstag-27-januar-2022\/","title":{"rendered":"Donnerstag, 27. Januar 2022"},"content":{"rendered":"<p style=\"text-align: left;\"><span style=\"font-size: 16px;\">Prof. Dr. Gerhard Schneider, Wedemark<\/span><\/p>\n<p style=\"text-align: left;\"><span style=\"font-size: 16px;\">Hindenburg als Privatmann 1919 bis 1925<\/span><\/p>\n<p><span style=\"font-size: 16px;\"><strong>18:30 Uhr<\/strong> <strong>Online \u00fcber Cisco Webex<\/strong><\/span><\/p>\n<p><strong><span style=\"font-size: 16px;\"><a href=\"https:\/\/nds-meeting.webex.com\/nds-meeting\/j.php?MTID=m5d3fa8356dec97e978a8e7965284a026\" target=\"_blank\" rel=\"noopener\">Online-Teilnahme am Vortrag<\/a><\/span><br \/>\n<\/strong><\/p>\n<p><strong>\u00a0<\/strong><\/p>\n<p>Beim Klicken des Zugangslinks \u00f6ffnet sich die Webex-Anwendung im Browser und es erscheint ein gr\u00fcner Button mit der Aufschrift \u201eDem Meeting beitreten\u201c. Nach bet\u00e4tigen des Buttons wird der Gast aufgefordert, einen Namen, seine E-Mail-Adresse und die angezeigten Zeichen einzugeben.<\/p>\n<p>Danach den Button \u201eAls Gast beitreten\u201c bet\u00e4tigen und schon sind Sie in der Konferenz zum Vortrag.<\/p>\n<p>&nbsp;<\/p>\n<figure id=\"attachment_1049\" aria-describedby=\"caption-attachment-1049\" style=\"width: 300px\" class=\"wp-caption alignleft\"><img loading=\"lazy\" decoding=\"async\" class=\"size-medium wp-image-1049\" src=\"https:\/\/www.historischer-verein-niedersachsen.de\/wp-content\/uploads\/2021\/10\/Portraet_Paul_von_Hindenburg_von_Liebermann_Ausschnitt_verkleinert-300x242.jpg\" alt=\"\" width=\"300\" height=\"242\" srcset=\"https:\/\/www.historischer-verein-niedersachsen.de\/wp-content\/uploads\/2021\/10\/Portraet_Paul_von_Hindenburg_von_Liebermann_Ausschnitt_verkleinert-300x242.jpg 300w, https:\/\/www.historischer-verein-niedersachsen.de\/wp-content\/uploads\/2021\/10\/Portraet_Paul_von_Hindenburg_von_Liebermann_Ausschnitt_verkleinert.jpg 597w\" sizes=\"auto, (max-width: 300px) 100vw, 300px\" \/><figcaption id=\"caption-attachment-1049\" class=\"wp-caption-text\"><span style=\"font-size: 10px;\">Paul von Hindenburg,<\/span><br \/><span style=\"font-size: 10px;\">\u00d6lgem\u00e4lde von Max Liebermann, 1927 (Ausschnitt)<\/span><\/figcaption><\/figure>\n<p>&nbsp;<\/p>\n<p>&nbsp;<\/p>\n<p>&nbsp;<\/p>\n<p>&nbsp;<\/p>\n<p>&nbsp;<\/p>\n<p>&nbsp;<\/p>\n<p>&nbsp;<\/p>\n<p>&nbsp;<\/p>\n<p>&nbsp;<\/p>\n<p style=\"text-align: left;\"><span style=\"font-size: 14px;\">Als sich Hindenburg 1911 in Hannover zur Ruhe setzte, nahm davon niemand Notiz. Noch ein General, noch ein hoher Offizier, der Hannover als Domizil f\u00fcr den Ruhestand w\u00e4hlte. Er war ganz Privatmann. Leider gibt es \u00fcber diese Zeit kaum Quellen. Nach dem Sieg in der Schlacht von Tannenberg Ende August 1914 war Hindenburg von Stund an eine \u00f6ffentliche Gestalt. Alles, was er tat, wurde in den hannoverschen Zeitungen dokumentiert; fast nichts blieb privat. In dem Vortrag wird der Versuch unternommen, die wenigen Zeugnisse seines Privatlebens vorzustellen.<\/span><\/p>\n","protected":false},"excerpt":{"rendered":"<p>Prof. Dr. Gerhard Schneider, Wedemark Hindenburg als Privatmann 1919 bis 1925 18:30 Uhr Online \u00fcber Cisco Webex Online-Teilnahme am Vortrag \u00a0 Beim Klicken des Zugangslinks \u00f6ffnet sich die Webex-Anwendung im &#8230;<\/p>\n","protected":false},"author":2,"featured_media":1049,"comment_status":"closed","ping_status":"closed","sticky":false,"template":"","format":"standard","meta":{"_crdt_document":"","footnotes":""},"categories":[3],"tags":[],"class_list":["post-1034","post","type-post","status-publish","format-standard","has-post-thumbnail","hentry","category-vortraege"],"jetpack_featured_media_url":"https:\/\/www.historischer-verein-niedersachsen.de\/wp-content\/uploads\/2021\/10\/Portraet_Paul_von_Hindenburg_von_Liebermann_Ausschnitt_verkleinert.jpg","_links":{"self":[{"href":"https:\/\/www.historischer-verein-niedersachsen.de\/index.php\/wp-json\/wp\/v2\/posts\/1034","targetHints":{"allow":["GET"]}}],"collection":[{"href":"https:\/\/www.historischer-verein-niedersachsen.de\/index.php\/wp-json\/wp\/v2\/posts"}],"about":[{"href":"https:\/\/www.historischer-verein-niedersachsen.de\/index.php\/wp-json\/wp\/v2\/types\/post"}],"author":[{"embeddable":true,"href":"https:\/\/www.historischer-verein-niedersachsen.de\/index.php\/wp-json\/wp\/v2\/users\/2"}],"replies":[{"embeddable":true,"href":"https:\/\/www.historischer-verein-niedersachsen.de\/index.php\/wp-json\/wp\/v2\/comments?post=1034"}],"version-history":[{"count":14,"href":"https:\/\/www.historischer-verein-niedersachsen.de\/index.php\/wp-json\/wp\/v2\/posts\/1034\/revisions"}],"predecessor-version":[{"id":1116,"href":"https:\/\/www.historischer-verein-niedersachsen.de\/index.php\/wp-json\/wp\/v2\/posts\/1034\/revisions\/1116"}],"wp:featuredmedia":[{"embeddable":true,"href":"https:\/\/www.historischer-verein-niedersachsen.de\/index.php\/wp-json\/wp\/v2\/media\/1049"}],"wp:attachment":[{"href":"https:\/\/www.historischer-verein-niedersachsen.de\/index.php\/wp-json\/wp\/v2\/media?parent=1034"}],"wp:term":[{"taxonomy":"category","embeddable":true,"href":"https:\/\/www.historischer-verein-niedersachsen.de\/index.php\/wp-json\/wp\/v2\/categories?post=1034"},{"taxonomy":"post_tag","embeddable":true,"href":"https:\/\/www.historischer-verein-niedersachsen.de\/index.php\/wp-json\/wp\/v2\/tags?post=1034"}],"curies":[{"name":"wp","href":"https:\/\/api.w.org\/{rel}","templated":true}]}}