{"id":1009,"date":"2021-10-25T13:18:31","date_gmt":"2021-10-25T11:18:31","guid":{"rendered":"https:\/\/www.historischer-verein-niedersachsen.de\/?p=1009"},"modified":"2022-02-25T07:37:06","modified_gmt":"2022-02-25T06:37:06","slug":"montag-22-november-2021","status":"publish","type":"post","link":"https:\/\/www.historischer-verein-niedersachsen.de\/index.php\/2021\/10\/25\/montag-22-november-2021\/","title":{"rendered":"Montag, 22. November 2021"},"content":{"rendered":"<p><span style=\"font-size: 16px;\">Abend der Landesgeschichte<br \/>\n<\/span><\/p>\n<p><span style=\"font-size: 16px;\"><strong>18:30 Uhr<\/strong> Neust\u00e4dter Hof- und Stadtkirche St. Johannis in der Calenberger Neustadt Hannovers (Einlass ab 18:00 Uhr)<br \/>\n<\/span><\/p>\n<p><span style=\"font-size: 16px;\"><strong>Wichtig: Eine Teilnahme ist nur nach vorheriger Anmeldung in der Gesch\u00e4ftsstelle m\u00f6glich (Tel.: 0511-120 6608). Die Veranstaltung findet unter Anwendung der 2G-Regel statt.<br \/>\n<\/strong><\/span><\/p>\n<figure id=\"attachment_1080\" aria-describedby=\"caption-attachment-1080\" style=\"width: 300px\" class=\"wp-caption alignleft\"><img loading=\"lazy\" decoding=\"async\" class=\"size-medium wp-image-1080\" src=\"https:\/\/www.historischer-verein-niedersachsen.de\/wp-content\/uploads\/2021\/10\/Abb_f_221121_Landesgeschichte_verkleinert-300x213.jpg\" alt=\"\" width=\"300\" height=\"213\" srcset=\"https:\/\/www.historischer-verein-niedersachsen.de\/wp-content\/uploads\/2021\/10\/Abb_f_221121_Landesgeschichte_verkleinert-300x213.jpg 300w, https:\/\/www.historischer-verein-niedersachsen.de\/wp-content\/uploads\/2021\/10\/Abb_f_221121_Landesgeschichte_verkleinert-1024x728.jpg 1024w, https:\/\/www.historischer-verein-niedersachsen.de\/wp-content\/uploads\/2021\/10\/Abb_f_221121_Landesgeschichte_verkleinert-768x546.jpg 768w, https:\/\/www.historischer-verein-niedersachsen.de\/wp-content\/uploads\/2021\/10\/Abb_f_221121_Landesgeschichte_verkleinert-1536x1091.jpg 1536w, https:\/\/www.historischer-verein-niedersachsen.de\/wp-content\/uploads\/2021\/10\/Abb_f_221121_Landesgeschichte_verkleinert.jpg 2000w\" sizes=\"auto, (max-width: 300px) 100vw, 300px\" \/><figcaption id=\"caption-attachment-1080\" class=\"wp-caption-text\"><span style=\"font-size: 10px;\">75 Jahre Niedersachsen &#8211; Publikationen zum Landesjubil\u00e4um<\/span><\/figcaption><\/figure>\n<p>&nbsp;<\/p>\n<p>&nbsp;<\/p>\n<p>&nbsp;<\/p>\n<p>&nbsp;<\/p>\n<p>&nbsp;<\/p>\n<p>&nbsp;<\/p>\n<p>&nbsp;<\/p>\n<p style=\"text-align: left;\"><span style=\"font-size: 14px;\">Auf dem Programm dieser gemeinsam mit der Historischen Kommission f\u00fcr Niedersachsen und Bremen ausgerichteten Veranstaltung steht zun\u00e4chst die Preisverleihung des diesj\u00e4hrigen Preises f\u00fcr Landesgeschichte. Preistr\u00e4ger des von der Stiftung Niedersachsen mit 5.000 Euro dotierten Preises ist Dr. Malte de Vries, der den Preis f\u00fcr seine G\u00f6ttinger Dissertation \u201eDie Implementation der Reformation in Braunschweig (1528-1599)\u201c erh\u00e4lt.<\/span><\/p>\n<p><span style=\"font-size: 14px;\">Im zweiten Teil der Veranstaltung stellen Dr. Henning Steinf\u00fchrer (Braunschweig) und Dr. Sabine Graf (Hannover) zwei neue B\u00fccher vor, die sich anl\u00e4sslich der Gr\u00fcndung des Landes Niedersachsen vor 75 Jahren konzeptionell und inhaltlich auf ganz unterschiedliche Weise der nieders\u00e4chsischen Geschichte und ihrer Erinnerung ann\u00e4hern.<\/span><\/p>\n<p><span style=\"font-size: 14px;\">Bei dem sich anschlie\u00dfenden Empfang besteht die Gelegenheit sich miteinander auszutauschen und den Abend ausklingen zu lassen.<\/span><\/p>\n<p>&nbsp;<\/p>\n<p>&nbsp;<\/p>\n","protected":false},"excerpt":{"rendered":"<p>Abend der Landesgeschichte 18:30 Uhr Neust\u00e4dter Hof- und Stadtkirche St. Johannis in der Calenberger Neustadt Hannovers (Einlass ab 18:00 Uhr) Wichtig: Eine Teilnahme ist nur nach vorheriger Anmeldung in der &#8230;<\/p>\n","protected":false},"author":2,"featured_media":1080,"comment_status":"closed","ping_status":"closed","sticky":false,"template":"","format":"standard","meta":{"_crdt_document":"","footnotes":""},"categories":[3],"tags":[],"class_list":["post-1009","post","type-post","status-publish","format-standard","has-post-thumbnail","hentry","category-vortraege"],"jetpack_featured_media_url":"https:\/\/www.historischer-verein-niedersachsen.de\/wp-content\/uploads\/2021\/10\/Abb_f_221121_Landesgeschichte_verkleinert.jpg","_links":{"self":[{"href":"https:\/\/www.historischer-verein-niedersachsen.de\/index.php\/wp-json\/wp\/v2\/posts\/1009","targetHints":{"allow":["GET"]}}],"collection":[{"href":"https:\/\/www.historischer-verein-niedersachsen.de\/index.php\/wp-json\/wp\/v2\/posts"}],"about":[{"href":"https:\/\/www.historischer-verein-niedersachsen.de\/index.php\/wp-json\/wp\/v2\/types\/post"}],"author":[{"embeddable":true,"href":"https:\/\/www.historischer-verein-niedersachsen.de\/index.php\/wp-json\/wp\/v2\/users\/2"}],"replies":[{"embeddable":true,"href":"https:\/\/www.historischer-verein-niedersachsen.de\/index.php\/wp-json\/wp\/v2\/comments?post=1009"}],"version-history":[{"count":11,"href":"https:\/\/www.historischer-verein-niedersachsen.de\/index.php\/wp-json\/wp\/v2\/posts\/1009\/revisions"}],"predecessor-version":[{"id":1085,"href":"https:\/\/www.historischer-verein-niedersachsen.de\/index.php\/wp-json\/wp\/v2\/posts\/1009\/revisions\/1085"}],"wp:featuredmedia":[{"embeddable":true,"href":"https:\/\/www.historischer-verein-niedersachsen.de\/index.php\/wp-json\/wp\/v2\/media\/1080"}],"wp:attachment":[{"href":"https:\/\/www.historischer-verein-niedersachsen.de\/index.php\/wp-json\/wp\/v2\/media?parent=1009"}],"wp:term":[{"taxonomy":"category","embeddable":true,"href":"https:\/\/www.historischer-verein-niedersachsen.de\/index.php\/wp-json\/wp\/v2\/categories?post=1009"},{"taxonomy":"post_tag","embeddable":true,"href":"https:\/\/www.historischer-verein-niedersachsen.de\/index.php\/wp-json\/wp\/v2\/tags?post=1009"}],"curies":[{"name":"wp","href":"https:\/\/api.w.org\/{rel}","templated":true}]}}